{"id":83262,"date":"2020-04-07T20:13:02","date_gmt":"2020-04-07T23:13:02","guid":{"rendered":"https:\/\/www.cordobatimes.com\/showup\/?p=83262"},"modified":"2020-04-07T20:13:02","modified_gmt":"2020-04-07T23:13:02","slug":"alvaro-morte-y-ursula-corbero-eligieron-el-final-perfecto-para-la-casa-de-papel","status":"publish","type":"post","link":"https:\/\/www.cordobatimes.com\/showup\/cine-y-series\/2020\/04\/07\/alvaro-morte-y-ursula-corbero-eligieron-el-final-perfecto-para-la-casa-de-papel\/","title":{"rendered":"\u00c1lvaro Morte y \u00darsula Corber\u00f3 eligieron el final perfecto para La Casa de Papel"},"content":{"rendered":"<h3><strong>Tras el estreno de la cuarta temporada de la serie, los actores contaron los posibles destinos para Tokio y El Profesor.<\/strong><\/h3>\n<p>Siempre dispuestos a mantener el entusiasmo de sus seguidores, los actores le contaron al medio Fotogramas.es, cu\u00e1l ser\u00eda el desenlace ideal de la serie que ya confirm\u00f3 su quinta y sexta temporada.<\/p>\n<p>\u201cTiene cierto sentido regresar a c\u00f3mo arranc\u00f3 todo, pero habiendo hecho algo que permita que la sociedad, si no cambia, al menos pueda evolucionar en mejor direcci\u00f3n. S\u00e9 que es muy ambicioso pero son muchas las personas que, para bien o para mal, le han dado la vuelta a la historia. Ah\u00ed est\u00e1n Gandhi o Hitler. Me gustar\u00eda mucho pensar que El Profesor se da cuenta de que hay gente inspir\u00e1ndose en el mundo\u201d, asegur\u00f3 Morte, mientra Cober\u00f3 fue menos optimista.<\/p>\n<p>\u201cElla es carne de ca\u00f1\u00f3n para morir. Pero me gustar\u00eda que su muerte fuera para salvar a alguien de la banda\u201d, confes\u00f3 la carism\u00e1tica Tokio.<\/p>\n","protected":false},"excerpt":{"rendered":"<p>Tras el estreno de la cuarta temporada de la serie, los actores contaron los posibles destinos para Tokio y El Profesor. Siempre dispuestos a mantener el entusiasmo de sus seguidores, los actores le contaron al medio Fotogramas.es, cu\u00e1l ser\u00eda el desenlace ideal de la serie que ya confirm\u00f3 su quinta y sexta temporada. \u201cTiene cierto [&hellip;]<\/p>\n","protected":false},"author":1,"featured_media":83263,"comment_status":"closed","ping_status":"closed","sticky":false,"template":"","format":"standard","meta":{"_seopress_robots_primary_cat":"","_seopress_titles_title":"","_seopress_titles_desc":"","_seopress_robots_index":"","footnotes":""},"categories":[3],"tags":[30649,30651,30650],"class_list":{"0":"post-83262","1":"post","2":"type-post","3":"status-publish","4":"format-standard","5":"has-post-thumbnail","7":"category-cine-y-series","8":"tag-alvaro-morte-y-ursula-corbero","9":"tag-alvaro-morte-y-ursula-corbero-final-de-la-casa-de-papel","10":"tag-final-de-la-casa-de-papel"},"_links":{"self":[{"href":"https:\/\/www.cordobatimes.com\/showup\/wp-json\/wp\/v2\/posts\/83262","targetHints":{"allow":["GET"]}}],"collection":[{"href":"https:\/\/www.cordobatimes.com\/showup\/wp-json\/wp\/v2\/posts"}],"about":[{"href":"https:\/\/www.cordobatimes.com\/showup\/wp-json\/wp\/v2\/types\/post"}],"author":[{"embeddable":true,"href":"https:\/\/www.cordobatimes.com\/showup\/wp-json\/wp\/v2\/users\/1"}],"replies":[{"embeddable":true,"href":"https:\/\/www.cordobatimes.com\/showup\/wp-json\/wp\/v2\/comments?post=83262"}],"version-history":[{"count":0,"href":"https:\/\/www.cordobatimes.com\/showup\/wp-json\/wp\/v2\/posts\/83262\/revisions"}],"wp:featuredmedia":[{"embeddable":true,"href":"https:\/\/www.cordobatimes.com\/showup\/wp-json\/wp\/v2\/media\/83263"}],"wp:attachment":[{"href":"https:\/\/www.cordobatimes.com\/showup\/wp-json\/wp\/v2\/media?parent=83262"}],"wp:term":[{"taxonomy":"category","embeddable":true,"href":"https:\/\/www.cordobatimes.com\/showup\/wp-json\/wp\/v2\/categories?post=83262"},{"taxonomy":"post_tag","embeddable":true,"href":"https:\/\/www.cordobatimes.com\/showup\/wp-json\/wp\/v2\/tags?post=83262"}],"curies":[{"name":"wp","href":"https:\/\/api.w.org\/{rel}","templated":true}]}}