{"id":82949,"date":"2020-04-02T11:19:13","date_gmt":"2020-04-02T14:19:13","guid":{"rendered":"https:\/\/www.cordobatimes.com\/showup\/?p=82949"},"modified":"2020-04-02T11:19:13","modified_gmt":"2020-04-02T14:19:13","slug":"cantantes-espanoles-se-unieron-para-hacer-una-version-extraordinaria-de-resistire","status":"publish","type":"post","link":"https:\/\/www.cordobatimes.com\/showup\/musica\/2020\/04\/02\/cantantes-espanoles-se-unieron-para-hacer-una-version-extraordinaria-de-resistire\/","title":{"rendered":"Cantantes espa\u00f1oles se unieron para hacer una versi\u00f3n extraordinaria de \u201cResistir\u00e9\u201d"},"content":{"rendered":"<h3><b>David Bisbal, Melendi, Vanesa Mart\u00edn, Rosana y Manuel Carrasco, entre muchos otros, grabaron el tema que se convirti\u00f3 en el himno de Espa\u00f1a en medio de la pandemia.<\/b><\/h3>\n<p><b>\u00a0<\/b>La situaci\u00f3n en Espa\u00f1a no est\u00e1 nada bien por la pandemia del coronavirus. Con m\u00e1s de nueve mil v\u00edctimas mortales (864 reportadas en las \u00faltimas 24 horas), el pa\u00eds se sit\u00faa en el segundo lugar a nivel mundial con m\u00e1s fallecidos por el COVID-19 detr\u00e1s de Italia. Y, en la actualidad, cuenta con m\u00e1s de cien mil casos notificados desde que empez\u00f3 el brote.<\/p>\n<p>Ante esta realidad, los ciudadanos espa\u00f1oles se encuentran cumpliendo con el aislamiento obligatorio en sus domicilios. Y esto ha generado un sinf\u00edn de situaciones, que se han visto reflejadas en videos que se hicieron virales en todo el planeta: desde el festejo del cumplea\u00f1os de alg\u00fan vecino o la interacci\u00f3n de un ni\u00f1o con gente de otro edificio, hasta los cantantes amateurs que decidieron compartir su arte a trav\u00e9s de sus ventanas y balcones.<\/p>\n<p>Fue en este marco que Resistir\u00e9, el emblem\u00e1tico tema que el D\u00fao Din\u00e1mico incluyera en su \u00e1lbum En forma, de 1988, se convirti\u00f3 en el nuevo himno de los espa\u00f1oles. Con letra de Carlos Toro Montoro y m\u00fasica de Manuel de la Calva, por estos d\u00edas la canci\u00f3n tuvo una nueva versi\u00f3n en boca de millones de personas que, simplemente, se asomaban a interpretarla de manera espont\u00e1nea como una manera de darse fuerza unas a otras.<\/p>\n<p>As\u00ed fue como, por iniciativa de la emisora Cadena 100, 50 de los artistas m\u00e1s importantes de Espa\u00f1a decidieron unirse para grabar el tema, cada uno desde su casa. Y, con la colaboraci\u00f3n con sus compa\u00f1\u00edas discogr\u00e1ficas, como Universal Music, Sony, Warner y Altafonte, hicieron un video que se subi\u00f3 a Youtube y cuya recaudaci\u00f3n ser\u00e1 a total beneficio de Caritas.<\/p>\n<p>Del proyecto, que cont\u00f3 con la producci\u00f3n de Pablo Cebri\u00e1n, participaron cantantes de la talla de \u00c1lex Ubago, Andr\u00e9s (Dvicio), Carlos Baute (venezolano residente en Espa\u00f1a), David Bisbal, David Summers, Diana Navarro, India Mart\u00ednez, Iv\u00e1n (Efecto Pasillo), Jos\u00e9 Merc\u00e9, Josemi Carmona, Manuel Carrasco, Melendi, Mikel Erentxun, Pastora Soler, Pedro Guerra, Pitingo, Rosana, \u00b4\u00c1lvaro Soler, Conchita y Rozal\u00e9n, entre otros. Y el resultado fue una extraordinaria versi\u00f3n de un tema, que se estren\u00f3 este mi\u00e9rcoles bajo el nombre de Resistir\u00e9 2020 y que ya est\u00e1 sirviendo para mantener el alto la moral de los espa\u00f1oles.<\/p>\n<p>Cabe aclarar que la Presidenta de la Comunidad de Madrid, Isabel D\u00edaz Ayuso, ha confirmado que ante el fen\u00f3meno ocurrido con este tema a 32 a\u00f1os de su lanzamiento, el D\u00fao Din\u00e1mico ha cedido sus derechos sobre el mismo para apoyar la lucha de la Regi\u00f3n contra el Covid-19. Y el video, que ya se convirti\u00f3 en tendencia en Youtube, super\u00f3 r\u00e1pidamente las 320 mil reproducciones.<\/p>\n<p><iframe loading=\"lazy\" src=\"https:\/\/www.youtube.com\/embed\/hl3B4Ql8RtQ\" width=\"560\" height=\"315\" frameborder=\"0\" allowfullscreen=\"allowfullscreen\"><\/iframe><\/p>\n","protected":false},"excerpt":{"rendered":"<p>David Bisbal, Melendi, Vanesa Mart\u00edn, Rosana y Manuel Carrasco, entre muchos otros, grabaron el tema que se convirti\u00f3 en el himno de Espa\u00f1a en medio de la pandemia. \u00a0La situaci\u00f3n en Espa\u00f1a no est\u00e1 nada bien por la pandemia del coronavirus. Con m\u00e1s de nueve mil v\u00edctimas mortales (864 reportadas en las \u00faltimas 24 horas), [&hellip;]<\/p>\n","protected":false},"author":1,"featured_media":82950,"comment_status":"closed","ping_status":"closed","sticky":false,"template":"","format":"standard","meta":{"_seopress_robots_primary_cat":"","_seopress_titles_title":"","_seopress_titles_desc":"","_seopress_robots_index":"","footnotes":""},"categories":[5],"tags":[30612,30614,30615,30613],"class_list":{"0":"post-82949","1":"post","2":"type-post","3":"status-publish","4":"format-standard","5":"has-post-thumbnail","8":"tag-cantantes-espanoles-resistire","9":"tag-el-duo-dinamico-resistire","10":"tag-resistire-coronavirus","11":"tag-version-de-resistire"},"_links":{"self":[{"href":"https:\/\/www.cordobatimes.com\/showup\/wp-json\/wp\/v2\/posts\/82949","targetHints":{"allow":["GET"]}}],"collection":[{"href":"https:\/\/www.cordobatimes.com\/showup\/wp-json\/wp\/v2\/posts"}],"about":[{"href":"https:\/\/www.cordobatimes.com\/showup\/wp-json\/wp\/v2\/types\/post"}],"author":[{"embeddable":true,"href":"https:\/\/www.cordobatimes.com\/showup\/wp-json\/wp\/v2\/users\/1"}],"replies":[{"embeddable":true,"href":"https:\/\/www.cordobatimes.com\/showup\/wp-json\/wp\/v2\/comments?post=82949"}],"version-history":[{"count":0,"href":"https:\/\/www.cordobatimes.com\/showup\/wp-json\/wp\/v2\/posts\/82949\/revisions"}],"wp:featuredmedia":[{"embeddable":true,"href":"https:\/\/www.cordobatimes.com\/showup\/wp-json\/wp\/v2\/media\/82950"}],"wp:attachment":[{"href":"https:\/\/www.cordobatimes.com\/showup\/wp-json\/wp\/v2\/media?parent=82949"}],"wp:term":[{"taxonomy":"category","embeddable":true,"href":"https:\/\/www.cordobatimes.com\/showup\/wp-json\/wp\/v2\/categories?post=82949"},{"taxonomy":"post_tag","embeddable":true,"href":"https:\/\/www.cordobatimes.com\/showup\/wp-json\/wp\/v2\/tags?post=82949"}],"curies":[{"name":"wp","href":"https:\/\/api.w.org\/{rel}","templated":true}]}}