{"id":82933,"date":"2020-04-01T11:00:02","date_gmt":"2020-04-01T14:00:02","guid":{"rendered":"https:\/\/www.cordobatimes.com\/showup\/?p=82933"},"modified":"2020-04-01T11:00:02","modified_gmt":"2020-04-01T14:00:02","slug":"el-reencuentro-del-elenco-de-la-ninera-para-llevar-alegria-a-los-fans-en-plena-pandemia","status":"publish","type":"post","link":"https:\/\/www.cordobatimes.com\/showup\/cine-y-series\/2020\/04\/01\/el-reencuentro-del-elenco-de-la-ninera-para-llevar-alegria-a-los-fans-en-plena-pandemia\/","title":{"rendered":"El reencuentro del elenco de \u201cLa Ni\u00f1era\u201d para llevar alegr\u00eda a los fans en plena pandemia"},"content":{"rendered":"<h3><strong>La protagonista de la exitosa sitcom, anunci\u00f3 que el 6 de abril realizar\u00e1n una reuni\u00f3n virtual para los fan\u00e1ticos.<\/strong><\/h3>\n<p>Fran Drescher,\u00a0la creadora y protagonista de la ficci\u00f3n, anunci\u00f3 una excelente noticia en su cuenta de Instagram:\u00a0el elenco se reunir\u00e1 de manera virtual para hacer una lectura del primer cap\u00edtulo.\u00a0El portal\u00a0Variety\u00a0anticip\u00f3 que los actores de la serie llevar\u00e1n a cabo esta lectura a trav\u00e9s de Zoom y los fan\u00e1ticos podr\u00e1n verlo en la p\u00e1gina de Sony Pictures de Youtube el pr\u00f3ximo 6 de abril.<\/p>\n<p>\u201cLa risa es la mejor medicina, por eso, en estos tiempo dif\u00edciles, Petah y yo pensamos que ser\u00eda genial juntar a todo el elenco de La ni\u00f1era para una lectura virtual del cap\u00edtulo piloto\u201d,\u00a0dijo Drescher , la protagonista, en un comunicado en el que hace referencia a\u00a0Peter Marc Jacobson, uno de los creadores de la sitcom.<\/p>\n<p>\u201cEs una actuaci\u00f3n \u00fanica hecha por la pandemia, para nuestros fans de todo el mundo que en este momento est\u00e1n estresados, en aislamiento y necesitan algo lindo. A todos nosotros nos ayud\u00f3 a levantarnos un poco el \u00e1nimo y esperamos que a ustedes tambi\u00e9n\u201d, agreg\u00f3.<\/p>\n<p>\u00bfQui\u00e9nes participar\u00e1n? Los actores que interpretaban los roles principales: Fran Drescher (Fran Fine), Charles Shaughnessy (el se\u00f1or Sheffield), Daniel Davis (Niles), Lauren Lane (C. C. Babcock), Nicholle Tom (Maggie), Benjamin Salisbury (Brighton), Madeline Zima (Grace), Renee Taylor (Sylvia) y Rachel Chagall (Val). As\u00ed como tambi\u00e9n Alex Sternin, Ann Hampton Callaway, DeeDee Rescher, y Jonathan Penner. James Marsden es el \u00fanico actor del elenco original que no estar\u00e1.<\/p>\n<p>En enero pasado,\u00a0Fran hab\u00eda anunciado que estaba trabajando en un musical para Broadway basado en\u00a0La Ni\u00f1era.\u00a0Los realizadores del musical\u00a0Crazy Ex-Girlfriend\u00a0ser\u00e1n los encargados de llevar adelante el proyecto junto con\u00a0Rachel Bloom, quien cre\u00f3 y protagoniza la serie CW, escribir\u00e1 la m\u00fasica y las letras para el escenario con\u00a0Adam Schlesinger, el productor ejecutivo de m\u00fasica del programa.<\/p>\n<p>\u201cLa Ni\u00f1era vuelve como un musical de Broadway\u201d, escribi\u00f3 la actriz en Twitter y en otro posteo sum\u00f3: \u201c\u00bfEscuchaste las noticias?\u201d. Luego, dijo en un medio estadounidense:\u00a0\u201cEstamos muy emocionados de trabajar en el musical de Broadway The Nanny. Estamos igualmente entusiasmados de que Rachel Bloom, de gran talento, escribir\u00e1 la letra y la m\u00fasica con el fant\u00e1stico Adam Schlesinger, y que tenga la brillante direcci\u00f3n de Marc Bruni\u201d.<\/p>\n<p>Aunque la misma Drescher (junto con el productor Peter Marc Jacobson) est\u00e1 detr\u00e1s del proyecto, no ser\u00e1 ella quien se ponga, como lo hizo entre 1993 y durante seis temporadas, en la piel de la exc\u00e9ntrica cuidadora de Maggie, Brighton y Grace y que enloquece al se\u00f1or Maxwell Sheffield.<\/p>\n<p>Cabe recordar que en la Argentina,\u00a0La Ni\u00f1era\u00a0fue emitida por Telefe y su \u00e9xito ininterrumpido fue tal, que los productores decidieron realizar la remake nacional de la sitcom, que fue protagonizada por\u00a0Florencia Pe\u00f1a, Boy Olmi, Roberto Carnaghi, Mirtha Busnelli y Carola Reyna, entre otros.<\/p>\n","protected":false},"excerpt":{"rendered":"<p>La protagonista de la exitosa sitcom, anunci\u00f3 que el 6 de abril realizar\u00e1n una reuni\u00f3n virtual para los fan\u00e1ticos. Fran Drescher,\u00a0la creadora y protagonista de la ficci\u00f3n, anunci\u00f3 una excelente noticia en su cuenta de Instagram:\u00a0el elenco se reunir\u00e1 de manera virtual para hacer una lectura del primer cap\u00edtulo.\u00a0El portal\u00a0Variety\u00a0anticip\u00f3 que los actores de la [&hellip;]<\/p>\n","protected":false},"author":1,"featured_media":82934,"comment_status":"closed","ping_status":"closed","sticky":false,"template":"","format":"standard","meta":{"_seopress_robots_primary_cat":"","_seopress_titles_title":"","_seopress_titles_desc":"","_seopress_robots_index":"","footnotes":""},"categories":[3],"tags":[30605,30604,30603],"class_list":{"0":"post-82933","1":"post","2":"type-post","3":"status-publish","4":"format-standard","5":"has-post-thumbnail","7":"category-cine-y-series","8":"tag-elenco-de-la-ninera-se-reunira-de-manera-virtual","9":"tag-la-ninera-coronavirus","10":"tag-reencuentro-del-elenco-de-la-ninera"},"_links":{"self":[{"href":"https:\/\/www.cordobatimes.com\/showup\/wp-json\/wp\/v2\/posts\/82933","targetHints":{"allow":["GET"]}}],"collection":[{"href":"https:\/\/www.cordobatimes.com\/showup\/wp-json\/wp\/v2\/posts"}],"about":[{"href":"https:\/\/www.cordobatimes.com\/showup\/wp-json\/wp\/v2\/types\/post"}],"author":[{"embeddable":true,"href":"https:\/\/www.cordobatimes.com\/showup\/wp-json\/wp\/v2\/users\/1"}],"replies":[{"embeddable":true,"href":"https:\/\/www.cordobatimes.com\/showup\/wp-json\/wp\/v2\/comments?post=82933"}],"version-history":[{"count":0,"href":"https:\/\/www.cordobatimes.com\/showup\/wp-json\/wp\/v2\/posts\/82933\/revisions"}],"wp:featuredmedia":[{"embeddable":true,"href":"https:\/\/www.cordobatimes.com\/showup\/wp-json\/wp\/v2\/media\/82934"}],"wp:attachment":[{"href":"https:\/\/www.cordobatimes.com\/showup\/wp-json\/wp\/v2\/media?parent=82933"}],"wp:term":[{"taxonomy":"category","embeddable":true,"href":"https:\/\/www.cordobatimes.com\/showup\/wp-json\/wp\/v2\/categories?post=82933"},{"taxonomy":"post_tag","embeddable":true,"href":"https:\/\/www.cordobatimes.com\/showup\/wp-json\/wp\/v2\/tags?post=82933"}],"curies":[{"name":"wp","href":"https:\/\/api.w.org\/{rel}","templated":true}]}}