{"id":82899,"date":"2020-03-30T11:26:33","date_gmt":"2020-03-30T14:26:33","guid":{"rendered":"https:\/\/www.cordobatimes.com\/showup\/?p=82899"},"modified":"2020-03-30T11:26:33","modified_gmt":"2020-03-30T14:26:33","slug":"los-estrenos-argentinos-de-cine-van-directamente-a-las-plataformas-por-el-coronavirus","status":"publish","type":"post","link":"https:\/\/www.cordobatimes.com\/showup\/cine-y-series\/2020\/03\/30\/los-estrenos-argentinos-de-cine-van-directamente-a-las-plataformas-por-el-coronavirus\/","title":{"rendered":"Los estrenos argentinos de cine van directamente a las plataformas por el coronavirus"},"content":{"rendered":"<h3><strong>Las producciones nacionales podr\u00e1n sumarse al \u00abPrograma de estrenos durante la emergencia sanitaria\u00bb.<\/strong><\/h3>\n<p>Las nuevas pel\u00edculas del cine argentino podr\u00e1n acogerse desde este domingo al \u00abPrograma de estrenos durante la emergencia sanitaria\u00bb para su visionado por la se\u00f1al de TV CINE.AR y la plataforma de video a demanda (VOD) CINE.AR PLAY en forma gratuita, de acuerdo a la Resoluci\u00f3n 166\/2020 publicada este domingo\u00a0 en el Bolet\u00edn Oficial.<\/p>\n<p>La medida habilita al Instituto Nacional de Cine y Artes Audiovisuales (INCAA) a motorizar esta iniciativa \u00abante la imposibilidad de estrenar en salas cinematogr\u00e1ficas en virtud del cierre de las mismas motivado por el aislamiento social, preventivo y obligatorio ordenado por el Poder Ejecutivo Nacional\u00bb.<\/p>\n<p>En el art\u00edculo primero de la normativa se especific\u00f3 que \u00aba opci\u00f3n del\/la productor\/a una vez terminada la exhibici\u00f3n gratuita en CINE.AR Play la pel\u00edcula podr\u00e1 mantenerse en la plataforma de modo transaccional incluy\u00e9ndose en la secci\u00f3n CINE.AR ESTRENOS de modo transaccional percibiendo el subsidio variable que pudiera corresponder en los t\u00e9rminos de la normativa vigente\u00bb.<\/p>\n<p>El acceso al programa reglamentado contempla a \u00ablos\/las productores\/as presentantes ante el INCAA de las pel\u00edculas nacionales que hayan sido preclasificadas &#8216;de Inter\u00e9s&#8217; o resultado ganadoras en concursos o convocatorias\u00bb.<\/p>\n<p>Tambi\u00e9n pueden acceder filmes \u00abque est\u00e9n formalmente inscriptos para su estreno en salas de cine en el calendario de estrenos de pel\u00edculas nacionales durante el segundo trimestre de 2020, pudiendo extenderse conforme sea necesario\u00bb.<\/p>\n<p>En el articulado de la norma que lleva la firma del presidente del INCAA Luis Puenzo, se especifica que \u00ablos productores\/as de pel\u00edculas que se integren al &#8216;Programa de estrenos durante la emergencia sanitaria&#8217; quedan facultados\/as a estrenarlas posteriormente en salas cinematogr\u00e1ficas y a percibir los subsidios correspondientes a dicha exhibici\u00f3n en salas\u00bb, pero dicha inscripci\u00f3n en el calendario de estrenos ser\u00e1 a partir del 1 de enero del 2021.<\/p>\n","protected":false},"excerpt":{"rendered":"<p>Las producciones nacionales podr\u00e1n sumarse al \u00abPrograma de estrenos durante la emergencia sanitaria\u00bb. Las nuevas pel\u00edculas del cine argentino podr\u00e1n acogerse desde este domingo al \u00abPrograma de estrenos durante la emergencia sanitaria\u00bb para su visionado por la se\u00f1al de TV CINE.AR y la plataforma de video a demanda (VOD) CINE.AR PLAY en forma gratuita, de [&hellip;]<\/p>\n","protected":false},"author":1,"featured_media":82900,"comment_status":"closed","ping_status":"closed","sticky":false,"template":"","format":"standard","meta":{"_seopress_robots_primary_cat":"","_seopress_titles_title":"","_seopress_titles_desc":"","_seopress_robots_index":"","footnotes":""},"categories":[3],"tags":[],"class_list":{"0":"post-82899","1":"post","2":"type-post","3":"status-publish","4":"format-standard","5":"has-post-thumbnail","7":"category-cine-y-series"},"_links":{"self":[{"href":"https:\/\/www.cordobatimes.com\/showup\/wp-json\/wp\/v2\/posts\/82899","targetHints":{"allow":["GET"]}}],"collection":[{"href":"https:\/\/www.cordobatimes.com\/showup\/wp-json\/wp\/v2\/posts"}],"about":[{"href":"https:\/\/www.cordobatimes.com\/showup\/wp-json\/wp\/v2\/types\/post"}],"author":[{"embeddable":true,"href":"https:\/\/www.cordobatimes.com\/showup\/wp-json\/wp\/v2\/users\/1"}],"replies":[{"embeddable":true,"href":"https:\/\/www.cordobatimes.com\/showup\/wp-json\/wp\/v2\/comments?post=82899"}],"version-history":[{"count":0,"href":"https:\/\/www.cordobatimes.com\/showup\/wp-json\/wp\/v2\/posts\/82899\/revisions"}],"wp:featuredmedia":[{"embeddable":true,"href":"https:\/\/www.cordobatimes.com\/showup\/wp-json\/wp\/v2\/media\/82900"}],"wp:attachment":[{"href":"https:\/\/www.cordobatimes.com\/showup\/wp-json\/wp\/v2\/media?parent=82899"}],"wp:term":[{"taxonomy":"category","embeddable":true,"href":"https:\/\/www.cordobatimes.com\/showup\/wp-json\/wp\/v2\/categories?post=82899"},{"taxonomy":"post_tag","embeddable":true,"href":"https:\/\/www.cordobatimes.com\/showup\/wp-json\/wp\/v2\/tags?post=82899"}],"curies":[{"name":"wp","href":"https:\/\/api.w.org\/{rel}","templated":true}]}}