{"id":82860,"date":"2020-03-29T10:01:00","date_gmt":"2020-03-29T13:01:00","guid":{"rendered":"https:\/\/www.cordobatimes.com\/showup\/?p=82860"},"modified":"2020-03-29T10:01:00","modified_gmt":"2020-03-29T13:01:00","slug":"coronavirusbuckingham-enfrenta-rumores-sobre-reina-isabel-goza-de-buena-salud","status":"publish","type":"post","link":"https:\/\/www.cordobatimes.com\/showup\/espectaculos\/2020\/03\/29\/coronavirusbuckingham-enfrenta-rumores-sobre-reina-isabel-goza-de-buena-salud\/","title":{"rendered":"Coronavirus:Buckingham enfrenta rumores sobre Reina Isabel: \u201cgoza de buena salud\u201d"},"content":{"rendered":"<h3><strong>El escueto comentario no afirma ni niega si la Reina se ha hecho alguna prueba sobre COVID-19.<\/strong><\/h3>\n<p>\u201cSu Majestad la Reina sigue con buena salud. La Reina vio por \u00faltima vez al primer ministro (Boris Johnson) el 11 de marzo y sigue todos los consejos apropiados con respecto a su bienestar. No haremos m\u00e1s comentarios\u201d, fue el escueto comunicado emitido por el Palacio de Buckingham para enfrentar rumores sobre las condiciones de Isabel II, horas despu\u00e9s de que Johnson anunciara que tiene coronavirus.<\/p>\n<blockquote class=\"twitter-tweet\" data-lang=\"es\">\n<p dir=\"ltr\" lang=\"en\">A statement just released by Buckingham Palace:<\/p>\n<p>\u201cHMQ remains in good health. The Queen last saw the PM on the 11th March and is following all the appropriate advice with regards to her welfare. We will not be commenting further.\u201d<\/p>\n<p>\u2014 Omid Scobie (@scobie) <a href=\"https:\/\/twitter.com\/scobie\/status\/1243507776472711175?ref_src=twsrc%5Etfw\">27 de marzo de 2020<\/a><\/p><\/blockquote>\n<p><script async src=\"https:\/\/platform.twitter.com\/widgets.js\" charset=\"utf-8\"><\/script><\/p>\n<p>El escueto comentario no afirma ni niega si la Reina se ha hecho alguna prueba sobre COVID-19.<\/p>\n<p>Una declaraci\u00f3n similar sobre la salud de la Reina ya se hab\u00eda emitido tras el anuncio el mi\u00e9rcoles de que su hijo mayor, el Pr\u00edncipe Carlos, hab\u00eda dado positivo por el nuevo coronavirus. La \u00faltima vez que ambos interactuaron fue el 12 de marzo.<\/p>\n<p>Tanto la Reina de 93 a\u00f1os como su esposo, el Pr\u00edncipe Felipe (98), se encuentran actualmente en el Castillo Windsor. El mi\u00e9rcoles, ella y el Primer Ministro celebraron su audiencia semanal, pero por tel\u00e9fono.<\/p>\n<p>Johnson ha dicho que se mantiene aislado y trabajando, pero si su salud empeora, el Secretario de Relaciones Exteriores, Dominic Raab, asumir\u00e1 el cargo de Primer Ministro en funciones hasta que se recupere.<\/p>\n<p>El lunes de esta semana, Johnson orden\u00f3 confinamiento obligatorio en el pa\u00eds, llamando al virus \u201cla mayor amenaza en d\u00e9cadas\u201d.<\/p>\n","protected":false},"excerpt":{"rendered":"<p>El escueto comentario no afirma ni niega si la Reina se ha hecho alguna prueba sobre COVID-19. \u201cSu Majestad la Reina sigue con buena salud. La Reina vio por \u00faltima vez al primer ministro (Boris Johnson) el 11 de marzo y sigue todos los consejos apropiados con respecto a su bienestar. No haremos m\u00e1s comentarios\u201d, [&hellip;]<\/p>\n","protected":false},"author":1,"featured_media":82861,"comment_status":"closed","ping_status":"closed","sticky":false,"template":"","format":"standard","meta":{"_seopress_robots_primary_cat":"","_seopress_titles_title":"","_seopress_titles_desc":"","_seopress_robots_index":"","footnotes":""},"categories":[10],"tags":[],"class_list":{"0":"post-82860","1":"post","2":"type-post","3":"status-publish","4":"format-standard","5":"has-post-thumbnail","7":"category-espectaculos"},"_links":{"self":[{"href":"https:\/\/www.cordobatimes.com\/showup\/wp-json\/wp\/v2\/posts\/82860","targetHints":{"allow":["GET"]}}],"collection":[{"href":"https:\/\/www.cordobatimes.com\/showup\/wp-json\/wp\/v2\/posts"}],"about":[{"href":"https:\/\/www.cordobatimes.com\/showup\/wp-json\/wp\/v2\/types\/post"}],"author":[{"embeddable":true,"href":"https:\/\/www.cordobatimes.com\/showup\/wp-json\/wp\/v2\/users\/1"}],"replies":[{"embeddable":true,"href":"https:\/\/www.cordobatimes.com\/showup\/wp-json\/wp\/v2\/comments?post=82860"}],"version-history":[{"count":0,"href":"https:\/\/www.cordobatimes.com\/showup\/wp-json\/wp\/v2\/posts\/82860\/revisions"}],"wp:featuredmedia":[{"embeddable":true,"href":"https:\/\/www.cordobatimes.com\/showup\/wp-json\/wp\/v2\/media\/82861"}],"wp:attachment":[{"href":"https:\/\/www.cordobatimes.com\/showup\/wp-json\/wp\/v2\/media?parent=82860"}],"wp:term":[{"taxonomy":"category","embeddable":true,"href":"https:\/\/www.cordobatimes.com\/showup\/wp-json\/wp\/v2\/categories?post=82860"},{"taxonomy":"post_tag","embeddable":true,"href":"https:\/\/www.cordobatimes.com\/showup\/wp-json\/wp\/v2\/tags?post=82860"}],"curies":[{"name":"wp","href":"https:\/\/api.w.org\/{rel}","templated":true}]}}