{"id":8258,"date":"2014-01-08T10:42:28","date_gmt":"2014-01-08T13:42:28","guid":{"rendered":"http:\/\/cordobatimes.com\/showup\/?p=8258"},"modified":"2019-05-12T16:23:34","modified_gmt":"2019-05-12T19:23:34","slug":"menu-de-miercoles-lengua-a-la-vinagreta","status":"publish","type":"post","link":"https:\/\/www.cordobatimes.com\/showup\/cocina\/2014\/01\/08\/menu-de-miercoles-lengua-a-la-vinagreta\/","title":{"rendered":"Lengua a la Vinagreta"},"content":{"rendered":"<div><span style=\"text-decoration: underline;\"><strong>Ingredientes:<\/strong><\/span><\/div>\n<ul>\n<li id=\"ingrediente\">Lengua: 1 unidad<\/li>\n<li id=\"ingrediente\">Pimienta blanca: 1 pizca<\/li>\n<li id=\"ingrediente\">Sal<\/li>\n<li id=\"ingrediente\">Apio: 1 rama<\/li>\n<li id=\"ingrediente\">Puerro: 1<\/li>\n<li id=\"ingrediente\">Zanahorias: 2<\/li>\n<li id=\"ingrediente\">Cebolla: 1<\/li>\n<li id=\"ingrediente\">Laurel: 2 hojas<\/li>\n<li id=\"ingrediente\">Ajos: 2 dientes<\/li>\n<\/ul>\n<div id=\"ingrediente\"><span style=\"text-decoration: underline;\"><strong>Para la vinagreta:<\/strong><\/span><\/div>\n<div id=\"lineasepara\"><\/div>\n<ul>\n<li id=\"ingrediente\">Aceite 1 taza<\/li>\n<li id=\"ingrediente\">Vinagre de vino 1\/2 taza<\/li>\n<li id=\"ingrediente\">Cebolla 1<\/li>\n<li id=\"ingrediente\">Morr\u00f3n rojo 1<\/li>\n<li id=\"ingrediente\">Morr\u00f3n verde 1<\/li>\n<li>Ajo 1 diente<\/li>\n<li>Sal y Pimienta<\/li>\n<\/ul>\n<div><span style=\"text-decoration: underline;\"><b><u>Modo de preparaci\u00f3n\u00a0<\/u><\/b><\/span><\/div>\n<div><\/div>\n<p><strong>PARA LA LENGUA:<\/strong> Lavar bien la lengua hasta que el agua quede transparente. Hervirla por 3 horas a hervor bajo en agua aromatizada con sal, pimienta blanca, apio, puerro, zanahoria, cebolla, laurel y el ajo. Dejarla entibiar, pelar y retirar la grasa. Cortar en fetas.<\/p>\n<p style=\"text-align: justify;\"><strong>PARA LA VINAGRETA:\u00a0<\/strong><br \/>\nEn un bol incorporar la cebolla, los morrones y el ajo picados. Agregar el aceite y el vinagre. Salpimentar. Dejar macerar las fetas de lengua en la vinagreta por una noche. Poner las fetas en una bandeja o plato de entrada.<\/p>\n","protected":false},"excerpt":{"rendered":"<p>Ingredientes: Lengua: 1 unidad Pimienta blanca: 1 pizca Sal Apio: 1 rama Puerro: 1 Zanahorias: 2 Cebolla: 1 Laurel: 2 hojas Ajos: 2 dientes Para la vinagreta: Aceite 1 taza Vinagre de vino 1\/2 taza Cebolla 1 Morr\u00f3n rojo 1 Morr\u00f3n verde 1 Ajo 1 diente Sal y Pimienta Modo de preparaci\u00f3n\u00a0 PARA LA LENGUA: [&hellip;]<\/p>\n","protected":false},"author":8,"featured_media":8259,"comment_status":"closed","ping_status":"closed","sticky":false,"template":"","format":"standard","meta":{"_seopress_robots_primary_cat":"","_seopress_titles_title":"","_seopress_titles_desc":"","_seopress_robots_index":"","footnotes":""},"categories":[1,317],"tags":[23603,2452,11213,11318,20284],"class_list":{"0":"post-8258","1":"post","2":"type-post","3":"status-publish","4":"format-standard","5":"has-post-thumbnail","7":"category-cocina","8":"category-recetas","9":"tag-como-preparar-lengua-a-la-vinagreta","10":"tag-recetas-de-verano","11":"tag-recetas-navidenas","12":"tag-recetas-para-las-fiestas","13":"tag-recetas-para-navidad"},"_links":{"self":[{"href":"https:\/\/www.cordobatimes.com\/showup\/wp-json\/wp\/v2\/posts\/8258","targetHints":{"allow":["GET"]}}],"collection":[{"href":"https:\/\/www.cordobatimes.com\/showup\/wp-json\/wp\/v2\/posts"}],"about":[{"href":"https:\/\/www.cordobatimes.com\/showup\/wp-json\/wp\/v2\/types\/post"}],"author":[{"embeddable":true,"href":"https:\/\/www.cordobatimes.com\/showup\/wp-json\/wp\/v2\/users\/8"}],"replies":[{"embeddable":true,"href":"https:\/\/www.cordobatimes.com\/showup\/wp-json\/wp\/v2\/comments?post=8258"}],"version-history":[{"count":0,"href":"https:\/\/www.cordobatimes.com\/showup\/wp-json\/wp\/v2\/posts\/8258\/revisions"}],"wp:featuredmedia":[{"embeddable":true,"href":"https:\/\/www.cordobatimes.com\/showup\/wp-json\/wp\/v2\/media\/8259"}],"wp:attachment":[{"href":"https:\/\/www.cordobatimes.com\/showup\/wp-json\/wp\/v2\/media?parent=8258"}],"wp:term":[{"taxonomy":"category","embeddable":true,"href":"https:\/\/www.cordobatimes.com\/showup\/wp-json\/wp\/v2\/categories?post=8258"},{"taxonomy":"post_tag","embeddable":true,"href":"https:\/\/www.cordobatimes.com\/showup\/wp-json\/wp\/v2\/tags?post=8258"}],"curies":[{"name":"wp","href":"https:\/\/api.w.org\/{rel}","templated":true}]}}