{"id":82524,"date":"2020-03-25T19:08:21","date_gmt":"2020-03-25T22:08:21","guid":{"rendered":"https:\/\/www.cordobatimes.com\/showup\/?p=82524"},"modified":"2020-03-25T19:08:21","modified_gmt":"2020-03-25T22:08:21","slug":"posponen-la-emision-del-capitulo-final-de-la-10a-temporada-de-the-walking-dead","status":"publish","type":"post","link":"https:\/\/www.cordobatimes.com\/showup\/cine-y-series\/2020\/03\/25\/posponen-la-emision-del-capitulo-final-de-la-10a-temporada-de-the-walking-dead\/","title":{"rendered":"Posponen la emisi\u00f3n del cap\u00edtulo final de la 10\u00aa temporada de The Walking Dead"},"content":{"rendered":"<h3><strong>El cap\u00edtulo\u00a0 final de la serie quedar\u00e1 pendiente debido a la propagaci\u00f3n del coronavirus y las dificultades de completar la postproducci\u00f3n.<\/strong><\/h3>\n<p>a crisis del\u00a0coronavirus\u00a0sigue afectando a la industria del entretenimiento. La \u00faltima perjudicada ha sido\u00a0The Walking Dead, que tendr\u00e1 que dar por terminada su temporada 10 sin emitir el cap\u00edtulo final.<\/p>\n<p>\u00abDesafortunadamente, los eventos actuales han hecho imposible completar la postproducci\u00f3n del final de la temporada 10 de The Walking Dead\u00bb, dijo la cadena en un comunicado publicado en su cuenta oficial de Twitter. \u00abPor lo tanto, la temporada actual terminar\u00e1 con su episodio 15 el pr\u00f3ximo 5 de abril. El final que estaba planeado se emitir\u00e1 como un cap\u00edtulo especial m\u00e1s adelante este a\u00f1o\u00bb.<\/p>\n<p>La noticia llega pocos d\u00edas despu\u00e9s de que\u00a0AMC\u00a0anunciara que tambi\u00e9n se ve\u00eda obligada a retrasar el lanzamiento de su tercera serie,\u00a0The Walking Dead: World Beyond, hasta finales de este a\u00f1o, tambi\u00e9n debido al brote de COVID-19.<\/p>\n<p>El spin-off iba a estrenarse el domingo 12 de abril, directamente despu\u00e9s del final de la temporada 10 de\u00a0The Walking Dead, ahora pospuesto. Para amenizar el confinamiento\u00a0AMC\u00a0tambi\u00e9n ofrecer\u00e1 los primeros ocho episodios de la temporada 10 de forma gratuita en\u00a0AMC.com\u00a0y en su aplicaci\u00f3n desde el 5 de abril hasta el 1 de mayo.<\/p>\n<p>El spin-off se centra en la primera generaci\u00f3n de supervivientes criados despu\u00e9s del apocalipsis zombie y est\u00e1 protagonizada por Alexa Mansour y Aliyah Royale como dos j\u00f3venes hero\u00ednas. \u00abDos hermanas, junto con dos amigas, dejan un lugar seguro y c\u00f3modo para enfrentarse a los peligros, los conocidos y desconocidos, los vivos y no muertos, en una b\u00fasqueda importante\u00bb, reza la sinopsis oficial. El elenco tambi\u00e9n incluye a Annet Mahendru, Nico Tortorella y Julia Ormond.<\/p>\n","protected":false},"excerpt":{"rendered":"<p>El cap\u00edtulo\u00a0 final de la serie quedar\u00e1 pendiente debido a la propagaci\u00f3n del coronavirus y las dificultades de completar la postproducci\u00f3n. a crisis del\u00a0coronavirus\u00a0sigue afectando a la industria del entretenimiento. La \u00faltima perjudicada ha sido\u00a0The Walking Dead, que tendr\u00e1 que dar por terminada su temporada 10 sin emitir el cap\u00edtulo final. \u00abDesafortunadamente, los eventos actuales [&hellip;]<\/p>\n","protected":false},"author":1,"featured_media":82525,"comment_status":"closed","ping_status":"closed","sticky":false,"template":"","format":"standard","meta":{"_seopress_robots_primary_cat":"","_seopress_titles_title":"","_seopress_titles_desc":"","_seopress_robots_index":"","footnotes":""},"categories":[3],"tags":[30540,30539],"class_list":{"0":"post-82524","1":"post","2":"type-post","3":"status-publish","4":"format-standard","5":"has-post-thumbnail","7":"category-cine-y-series","8":"tag-10a-temporada-de-the-walking-dead","9":"tag-capitulo-final-de-la-10a-temporada-de-the-walking-dead"},"_links":{"self":[{"href":"https:\/\/www.cordobatimes.com\/showup\/wp-json\/wp\/v2\/posts\/82524","targetHints":{"allow":["GET"]}}],"collection":[{"href":"https:\/\/www.cordobatimes.com\/showup\/wp-json\/wp\/v2\/posts"}],"about":[{"href":"https:\/\/www.cordobatimes.com\/showup\/wp-json\/wp\/v2\/types\/post"}],"author":[{"embeddable":true,"href":"https:\/\/www.cordobatimes.com\/showup\/wp-json\/wp\/v2\/users\/1"}],"replies":[{"embeddable":true,"href":"https:\/\/www.cordobatimes.com\/showup\/wp-json\/wp\/v2\/comments?post=82524"}],"version-history":[{"count":0,"href":"https:\/\/www.cordobatimes.com\/showup\/wp-json\/wp\/v2\/posts\/82524\/revisions"}],"wp:featuredmedia":[{"embeddable":true,"href":"https:\/\/www.cordobatimes.com\/showup\/wp-json\/wp\/v2\/media\/82525"}],"wp:attachment":[{"href":"https:\/\/www.cordobatimes.com\/showup\/wp-json\/wp\/v2\/media?parent=82524"}],"wp:term":[{"taxonomy":"category","embeddable":true,"href":"https:\/\/www.cordobatimes.com\/showup\/wp-json\/wp\/v2\/categories?post=82524"},{"taxonomy":"post_tag","embeddable":true,"href":"https:\/\/www.cordobatimes.com\/showup\/wp-json\/wp\/v2\/tags?post=82524"}],"curies":[{"name":"wp","href":"https:\/\/api.w.org\/{rel}","templated":true}]}}