{"id":82521,"date":"2020-03-25T12:49:54","date_gmt":"2020-03-25T15:49:54","guid":{"rendered":"https:\/\/www.cordobatimes.com\/showup\/?p=82521"},"modified":"2020-03-25T12:49:54","modified_gmt":"2020-03-25T15:49:54","slug":"musicos-cordobeses-grabaron-una-cancion-para-incentivar-el-aislamiento-social","status":"publish","type":"post","link":"https:\/\/www.cordobatimes.com\/showup\/musica\/2020\/03\/25\/musicos-cordobeses-grabaron-una-cancion-para-incentivar-el-aislamiento-social\/","title":{"rendered":"M\u00fasicos cordobeses grabaron una canci\u00f3n para incentivar el aislamiento social"},"content":{"rendered":"<h3><strong>Se trata del jingle Yo me quedo en casa, registrado de manera virtual por cerca de treinta artistas locales\u00a0<\/strong><\/h3>\n<p>Un grupo de m\u00fasicos cordobeses de diferentes proyectos se reuni\u00f3 de manera virtual para darle forma a Yo me quedo en casa, una peque\u00f1a canci\u00f3n en formato jingle publicitario pensada para concientizar sobre la necesidad de respetar el aislamiento social preventivo y obligatorio.<\/p>\n<p>\u201cDesde C\u00f3rdoba queremos ayudar a la concientizaci\u00f3n para que te quedes en casa, por eso algunos m\u00fasicos mayormente cordobeses decidimos grabar este jingle, cada uno desde su casa, con los recursos que ten\u00edamos a mano y de forma gratuita\u201d, aclara el texto que acompa\u00f1a el video del tema.<\/p>\n<p>En el breve clip se pueden observar a 27 artistas cantando la composici\u00f3n del grupo No Jodas, cuya sint\u00e9tica letra dice: \u201cYo me quedo en casa, me quedo yo por vos, si todos somos uno, as\u00ed va a ser mejor&#8230; me quedo yo por vos\u201d.<\/p>\n<p>De la iniciativa participaron Franco Ronchetti (Cuatro Al Hilo), Celes Massara y Noah Bulacio Sanchez (Las hijas de piaf), Miguel Amaya (juan terrenal), Paula Loza, Ani de la Vega (Cristales), Gustavo Giacomelli (Los Navarros), Romi Vanini, Juan Rugani (Bancate La Pelusa), Fer Orme\u00f1o, Santi Menseguez (\u00c1spero), Chara Reiners (Las Frases de Samuel), Luis Pulet, Vale Torci (Alunacy), Claudio Arcelloni (Beer Vicious), Pupe Di Pinto, Pitu Echenique (Jinetes), Fabi\u00e1n Mansilla (Eterna Agon\u00eda), Carla Luque (Molle), Lucas Picotto (Lo Ajeno), Pablo Montoya (Testigo) y Rodrigo \u00abCholo\u00bb Diaz (El Balc\u00f3n de Olmedo).<\/p>\n<blockquote class=\"instagram-media\" style=\"background: #FFF; border: 0; border-radius: 3px; box-shadow: 0 0 1px 0 rgba(0,0,0,0.5),0 1px 10px 0 rgba(0,0,0,0.15); margin: 1px; max-width: 540px; min-width: 326px; padding: 0; width: calc(100% - 2px);\" data-instgrm-captioned=\"\" data-instgrm-permalink=\"https:\/\/www.instagram.com\/p\/B-H77R3g_FC\/?utm_source=ig_embed&amp;utm_campaign=loading\" data-instgrm-version=\"12\">\n<div style=\"padding: 16px;\">\n<p>&nbsp;<\/p>\n<div style=\"display: flex; flex-direction: row; align-items: center;\">\n<div style=\"background-color: #f4f4f4; border-radius: 50%; flex-grow: 0; height: 40px; margin-right: 14px; width: 40px;\"><\/div>\n<div style=\"display: flex; flex-direction: column; flex-grow: 1; justify-content: center;\">\n<div style=\"background-color: #f4f4f4; border-radius: 4px; flex-grow: 0; height: 14px; margin-bottom: 6px; width: 100px;\"><\/div>\n<div style=\"background-color: #f4f4f4; border-radius: 4px; flex-grow: 0; height: 14px; width: 60px;\"><\/div>\n<\/div>\n<\/div>\n<div style=\"padding: 19% 0;\"><\/div>\n<div style=\"display: block; height: 50px; margin: 0 auto 12px; width: 50px;\"><\/div>\n<div style=\"padding-top: 8px;\">\n<div style=\"color: #3897f0; font-family: Arial,sans-serif; font-size: 14px; font-style: normal; font-weight: 550; line-height: 18px;\">Ver esta publicaci\u00f3n en Instagram<\/div>\n<\/div>\n<div style=\"padding: 12.5% 0;\"><\/div>\n<div style=\"display: flex; flex-direction: row; margin-bottom: 14px; align-items: center;\">\n<div>\n<div style=\"background-color: #f4f4f4; border-radius: 50%; height: 12.5px; width: 12.5px; transform: translateX(0px) translateY(7px);\"><\/div>\n<div style=\"background-color: #f4f4f4; height: 12.5px; transform: rotate(-45deg) translateX(3px) translateY(1px); width: 12.5px; flex-grow: 0; margin-right: 14px; margin-left: 2px;\"><\/div>\n<div style=\"background-color: #f4f4f4; border-radius: 50%; height: 12.5px; width: 12.5px; transform: translateX(9px) translateY(-18px);\"><\/div>\n<\/div>\n<div style=\"margin-left: 8px;\">\n<div style=\"background-color: #f4f4f4; border-radius: 50%; flex-grow: 0; height: 20px; width: 20px;\"><\/div>\n<div style=\"width: 0; height: 0; border-top: 2px solid transparent; border-left: 6px solid #f4f4f4; border-bottom: 2px solid transparent; transform: translateX(16px) translateY(-4px) rotate(30deg);\"><\/div>\n<\/div>\n<div style=\"margin-left: auto;\">\n<div style=\"width: 0px; border-top: 8px solid #F4F4F4; border-right: 8px solid transparent; transform: translateY(16px);\"><\/div>\n<div style=\"background-color: #f4f4f4; flex-grow: 0; height: 12px; width: 16px; transform: translateY(-4px);\"><\/div>\n<div style=\"width: 0; height: 0; border-top: 8px solid #F4F4F4; border-left: 8px solid transparent; transform: translateY(-4px) translateX(8px);\"><\/div>\n<\/div>\n<\/div>\n<p>&nbsp;<\/p>\n<p style=\"margin: 8px 0 0 0; padding: 0 4px;\"><a style=\"color: #000; font-family: Arial,sans-serif; font-size: 14px; font-style: normal; font-weight: normal; line-height: 17px; text-decoration: none; word-wrap: break-word;\" href=\"https:\/\/www.instagram.com\/p\/B-H77R3g_FC\/?utm_source=ig_embed&amp;utm_campaign=loading\" target=\"_blank\" rel=\"noopener noreferrer\">#Cuarentena #QuedateEnCasa #MusicosCordobeses Desde C\u00f3rdoba queremos ayudar a la concientizaci\u00f3n para que te quedes en casa, por eso algunos m\u00fasicos mayormente cordobeses decidimos grabar este jingle, cada uno desde su casa, con los recursos que ten\u00edamos a mano y de forma gratuita! Hacelo correr, compartilo!! Gracias a todos por prenderse!!! M\u00fasica y letra: @nojodasrockoficial M\u00fasicos: Franco Ronchetti: @cuatroalhilorock Celes Massara: @lashijasdepiaf Miguel Amaya: @juanterrenaloficial Paula Loza: @deltachile Ani de la Vega: @cristales_banda Gustavo Giacomelli: @losnavarroscba Romi Vanini: @rovanini Juan Rugani: @bancatelapelusaok Fer Orme\u00f1o: @fer.ormeno Santi Menseguez: @aspero77 Noah Bulacio Sanchez: @lashijasdepiaf Chara Reiners: @lasfrases_lfds Luis Pulet : @luispulet Vale Torci: @alunacyrock Claudio Arcelloni: @beervicious Pupe Di Pinto : @pupepinto Pitu Echenique: @jinetes_oficial Fabian mansilla: @eternaagoniahc Carla Luque: @molle_traslasierra Lucas Picotto: @loajenooficial Pablo Montoya: @testigo.oficial Rodrigo \u00bb Cholo\u00bb Diaz: @elbalcondeolmedo Lengua de se\u00f1as: Misael Castro: @elmisa.castro @nojodasrockoficial @cristianbnuevo @seba_raspanti @javialvarez_r @hernan.m.garcia \u00bfTe gusto el video? Dejanos tu comentario<\/a><\/p>\n<p style=\"color: #c9c8cd; font-family: Arial,sans-serif; font-size: 14px; line-height: 17px; margin-bottom: 0; margin-top: 8px; overflow: hidden; padding: 8px 0 7px; text-align: center; text-overflow: ellipsis; white-space: nowrap;\">Una publicaci\u00f3n compartida de <a style=\"color: #c9c8cd; font-family: Arial,sans-serif; font-size: 14px; font-style: normal; font-weight: normal; line-height: 17px;\" href=\"https:\/\/www.instagram.com\/nojodasrockoficial\/?utm_source=ig_embed&amp;utm_campaign=loading\" target=\"_blank\" rel=\"noopener noreferrer\"> NOJODAS<\/a> (@nojodasrockoficial) el <time style=\"font-family: Arial,sans-serif; font-size: 14px; line-height: 17px;\" datetime=\"2020-03-24T17:01:16+00:00\">24 Mar, 2020 a las 10:01 PDT<\/time><\/p>\n<\/div>\n<\/blockquote>\n<p><script async src=\"\/\/www.instagram.com\/embed.js\"><\/script><\/p>\n","protected":false},"excerpt":{"rendered":"<p>Se trata del jingle Yo me quedo en casa, registrado de manera virtual por cerca de treinta artistas locales\u00a0 Un grupo de m\u00fasicos cordobeses de diferentes proyectos se reuni\u00f3 de manera virtual para darle forma a Yo me quedo en casa, una peque\u00f1a canci\u00f3n en formato jingle publicitario pensada para concientizar sobre la necesidad de [&hellip;]<\/p>\n","protected":false},"author":1,"featured_media":82522,"comment_status":"closed","ping_status":"closed","sticky":false,"template":"","format":"standard","meta":{"_seopress_robots_primary_cat":"","_seopress_titles_title":"","_seopress_titles_desc":"","_seopress_robots_index":"","footnotes":""},"categories":[5],"tags":[30536,30538,30537],"class_list":{"0":"post-82521","1":"post","2":"type-post","3":"status-publish","4":"format-standard","5":"has-post-thumbnail","7":"category-musica","8":"tag-cancion-para-incentivar-el-aislamiento-social","9":"tag-jingle-publicitario-aislamiento-social-preventivo-y-obligatorio","10":"tag-musicos-cordobeses-yo-me-quedo-en-casa"},"_links":{"self":[{"href":"https:\/\/www.cordobatimes.com\/showup\/wp-json\/wp\/v2\/posts\/82521","targetHints":{"allow":["GET"]}}],"collection":[{"href":"https:\/\/www.cordobatimes.com\/showup\/wp-json\/wp\/v2\/posts"}],"about":[{"href":"https:\/\/www.cordobatimes.com\/showup\/wp-json\/wp\/v2\/types\/post"}],"author":[{"embeddable":true,"href":"https:\/\/www.cordobatimes.com\/showup\/wp-json\/wp\/v2\/users\/1"}],"replies":[{"embeddable":true,"href":"https:\/\/www.cordobatimes.com\/showup\/wp-json\/wp\/v2\/comments?post=82521"}],"version-history":[{"count":0,"href":"https:\/\/www.cordobatimes.com\/showup\/wp-json\/wp\/v2\/posts\/82521\/revisions"}],"wp:featuredmedia":[{"embeddable":true,"href":"https:\/\/www.cordobatimes.com\/showup\/wp-json\/wp\/v2\/media\/82522"}],"wp:attachment":[{"href":"https:\/\/www.cordobatimes.com\/showup\/wp-json\/wp\/v2\/media?parent=82521"}],"wp:term":[{"taxonomy":"category","embeddable":true,"href":"https:\/\/www.cordobatimes.com\/showup\/wp-json\/wp\/v2\/categories?post=82521"},{"taxonomy":"post_tag","embeddable":true,"href":"https:\/\/www.cordobatimes.com\/showup\/wp-json\/wp\/v2\/tags?post=82521"}],"curies":[{"name":"wp","href":"https:\/\/api.w.org\/{rel}","templated":true}]}}