{"id":82416,"date":"2020-03-19T10:55:15","date_gmt":"2020-03-19T13:55:15","guid":{"rendered":"https:\/\/www.cordobatimes.com\/showup\/?p=82416"},"modified":"2020-03-19T10:55:15","modified_gmt":"2020-03-19T13:55:15","slug":"bono-compuso-una-cancion-para-los-trabajadores-de-salud-que-luchan-contra-el-coronavirus","status":"publish","type":"post","link":"https:\/\/www.cordobatimes.com\/showup\/musica\/2020\/03\/19\/bono-compuso-una-cancion-para-los-trabajadores-de-salud-que-luchan-contra-el-coronavirus\/","title":{"rendered":"Bono compuso una canci\u00f3n para los trabajadores de salud que luchan contra el coronavirus"},"content":{"rendered":"<h3><strong>En agradecimiento a su trabajo el l\u00edder de U2 les dedic\u00f3 una canci\u00f3n y la public\u00f3 en Instagram.<\/strong><\/h3>\n<p>Bono\u00a0es el primer artista internacional en escribir una canci\u00f3n inspirada en el efecto que tiene la gente por las medidas de cuarentena y en los trabajadores que hacen lo necesario para cuidarnos del coronavirus.<\/p>\n<p>La canci\u00f3n lleva el nombre de\u00a0\u201cLet Your Love Be Known\u201d, est\u00e1 inspirada en los italianos y dedicada a todos los trabajadores de sanidad.<\/p>\n<p>Acompa\u00f1ado por un piano, el Irland\u00e9s cant\u00f3 el tema en un video casero y explic\u00f3 que lo terminaba de componer. \u201cEn este d\u00eda de San Patricio, una cancioncita que escrib\u00ed hace una hora. Creo que se llama \u00b4Let Your Love Be Known\u00b4\u201d, dijo antes de comenzar a entonarla desde su casa en Dubl\u00edn.<\/p>\n<p>\u201cPara los italianos que la inspiraron&#8230; para los irlandeses\u201d, escribi\u00f3 Bono en un mensaje acompa\u00f1ando la grabaci\u00f3n. Y agreg\u00f3: \u201cPara cualquiera que est\u00e1 en una situaci\u00f3n complicada este d\u00eda de San Patricio y sigue cantando\u201d.<\/p>\n<div style=\"width: 696px;\" class=\"wp-video\"><video class=\"wp-video-shortcode\" id=\"video-82416-1\" width=\"696\" height=\"392\" preload=\"metadata\" controls=\"controls\"><source type=\"video\/mp4\" src=\"https:\/\/www.cordobatimes.com\/showup\/wp-content\/uploads\/2020\/03\/u2_10000000_1282421411964217_1679222733505541460_n.mp4?_=1\" \/><a href=\"https:\/\/www.cordobatimes.com\/showup\/wp-content\/uploads\/2020\/03\/u2_10000000_1282421411964217_1679222733505541460_n.mp4\">https:\/\/www.cordobatimes.com\/showup\/wp-content\/uploads\/2020\/03\/u2_10000000_1282421411964217_1679222733505541460_n.mp4<\/a><\/video><\/div>\n<p>&nbsp;<\/p>\n","protected":false},"excerpt":{"rendered":"<p>En agradecimiento a su trabajo el l\u00edder de U2 les dedic\u00f3 una canci\u00f3n y la public\u00f3 en Instagram. Bono\u00a0es el primer artista internacional en escribir una canci\u00f3n inspirada en el efecto que tiene la gente por las medidas de cuarentena y en los trabajadores que hacen lo necesario para cuidarnos del coronavirus. La canci\u00f3n lleva [&hellip;]<\/p>\n","protected":false},"author":1,"featured_media":82417,"comment_status":"closed","ping_status":"closed","sticky":false,"template":"","format":"standard","meta":{"_seopress_robots_primary_cat":"","_seopress_titles_title":"","_seopress_titles_desc":"","_seopress_robots_index":"","footnotes":""},"categories":[5],"tags":[30483,30484,30485],"class_list":{"0":"post-82416","1":"post","2":"type-post","3":"status-publish","4":"format-standard","5":"has-post-thumbnail","7":"category-musica","8":"tag-bono-coronavirus","9":"tag-bono-let-your-love-be-known","10":"tag-cancion-para-los-trabajadores-de-salud-que-luchan-contra-el-coronavirus-let-your-love-be-known"},"_links":{"self":[{"href":"https:\/\/www.cordobatimes.com\/showup\/wp-json\/wp\/v2\/posts\/82416","targetHints":{"allow":["GET"]}}],"collection":[{"href":"https:\/\/www.cordobatimes.com\/showup\/wp-json\/wp\/v2\/posts"}],"about":[{"href":"https:\/\/www.cordobatimes.com\/showup\/wp-json\/wp\/v2\/types\/post"}],"author":[{"embeddable":true,"href":"https:\/\/www.cordobatimes.com\/showup\/wp-json\/wp\/v2\/users\/1"}],"replies":[{"embeddable":true,"href":"https:\/\/www.cordobatimes.com\/showup\/wp-json\/wp\/v2\/comments?post=82416"}],"version-history":[{"count":0,"href":"https:\/\/www.cordobatimes.com\/showup\/wp-json\/wp\/v2\/posts\/82416\/revisions"}],"wp:featuredmedia":[{"embeddable":true,"href":"https:\/\/www.cordobatimes.com\/showup\/wp-json\/wp\/v2\/media\/82417"}],"wp:attachment":[{"href":"https:\/\/www.cordobatimes.com\/showup\/wp-json\/wp\/v2\/media?parent=82416"}],"wp:term":[{"taxonomy":"category","embeddable":true,"href":"https:\/\/www.cordobatimes.com\/showup\/wp-json\/wp\/v2\/categories?post=82416"},{"taxonomy":"post_tag","embeddable":true,"href":"https:\/\/www.cordobatimes.com\/showup\/wp-json\/wp\/v2\/tags?post=82416"}],"curies":[{"name":"wp","href":"https:\/\/api.w.org\/{rel}","templated":true}]}}