{"id":82184,"date":"2020-03-12T10:56:03","date_gmt":"2020-03-12T13:56:03","guid":{"rendered":"https:\/\/www.cordobatimes.com\/showup\/?p=82184"},"modified":"2022-01-28T19:27:01","modified_gmt":"2022-01-28T22:27:01","slug":"sergio-denis-como-esta-a-un-ano-de-su-tragica-caida-en-una-fosa","status":"publish","type":"post","link":"https:\/\/www.cordobatimes.com\/showup\/famosos\/2020\/03\/12\/sergio-denis-como-esta-a-un-ano-de-su-tragica-caida-en-una-fosa\/","title":{"rendered":"Sergio Denis: C\u00f3mo est\u00e1 a un a\u00f1o de su tr\u00e1gica ca\u00edda en una fosa"},"content":{"rendered":"<h3><strong>Carlos y Nora Hoffmann los hermanos del cantante, dieron detalles de su salud tras el accidente que sufri\u00f3 en un teatro.<\/strong><\/h3>\n<p>Este mi\u00e9rcoles 11 de marzo se cumple un a\u00f1o de la\u00a0tr\u00e1gica ca\u00edda\u00a0de\u00a0Sergio Denis\u00a0(70) en una fosa, mientras brindaba un show en el teatro Mercedes Sosa de Tucum\u00e1n.<\/p>\n<div style=\"width: 640px;\" class=\"wp-video\"><video class=\"wp-video-shortcode\" id=\"video-82184-1\" width=\"640\" height=\"360\" preload=\"metadata\" controls=\"controls\"><source type=\"video\/mp4\" src=\"https:\/\/www.cordobatimes.com\/showup\/wp-content\/uploads\/2020\/03\/La-caida-de-Sergio-Deni.mp4?_=1\" \/><a href=\"https:\/\/www.cordobatimes.com\/showup\/wp-content\/uploads\/2020\/03\/La-caida-de-Sergio-Deni.mp4\">https:\/\/www.cordobatimes.com\/showup\/wp-content\/uploads\/2020\/03\/La-caida-de-Sergio-Deni.mp4<\/a><\/video><\/div>\n<p>Asistido en\u00a0Alcal, una cl\u00ednica de rehabilitaci\u00f3n integral ubicada en el barrio de Nu\u00f1ez, sus hermanos,\u00a0Carlos\u00a0y\u00a0Nora Hoffmann, dejaron de lado el hermetismo que vienen teniendo hace meses para contar c\u00f3mo se encuentra el cantante en la actualidad.<\/p>\n<p>Antes de poner la palabra de los familiares de Sergio Denis en\u00a0Nosotros a la Ma\u00f1ana, Ariel Wolman\u00a0se\u00f1al\u00f3: \u201cHoy Sergio abre los ojos, pero no pueden asegurar qu\u00e9 le est\u00e1 pasando en el cerebro. Tenemos audios de Carlos y Nora, los hermanos de Sergio\u00bb, dijo el panelista.<\/p>\n<p>Luego le puso play al duro testimonio de Carlos: \u00abBuenos d\u00edas, hoy se cumple un a\u00f1o del episodio que le ocurri\u00f3 a Sergio en el teatro Mercedes Sosa, en Tucum\u00e1n, y, lamentablemente, lo \u00fanico que podemos informar es que \u00e9l contin\u00faa exactamente igual que en ese momento. Su f\u00edsico est\u00e1 bien. \u00c9l no necesita ayuda exterior para vivir, pero su cerebro sigue desconectado con el mundo real. Estamos todos los d\u00edas, de este a\u00f1o que ha pasado, viviendo lo mismo\u00bb.<\/p>\n<p>Acto seguido, Tom\u00e1s Dente puso al aire el mensaje de Nora, esperanzada con la recuperaci\u00f3n de su hermano: \u00abEste es un d\u00eda duro para nosotros, para toda la familia y para \u00e9l que la est\u00e1 luchando. Es un a\u00f1o largu\u00edsimo, con muchas preguntas. Lo \u00fanico que nos queda es la esperanza\u00bb.<\/p>\n","protected":false},"excerpt":{"rendered":"<p>Carlos y Nora Hoffmann los hermanos del cantante, dieron detalles de su salud tras el accidente que sufri\u00f3 en un teatro. Este mi\u00e9rcoles 11 de marzo se cumple un a\u00f1o de la\u00a0tr\u00e1gica ca\u00edda\u00a0de\u00a0Sergio Denis\u00a0(70) en una fosa, mientras brindaba un show en el teatro Mercedes Sosa de Tucum\u00e1n. Asistido en\u00a0Alcal, una cl\u00ednica de rehabilitaci\u00f3n integral [&hellip;]<\/p>\n","protected":false},"author":1,"featured_media":82185,"comment_status":"closed","ping_status":"closed","sticky":false,"template":"","format":"standard","meta":{"_seopress_robots_primary_cat":"","_seopress_titles_title":"","_seopress_titles_desc":"","_seopress_robots_index":"","footnotes":""},"categories":[4],"tags":[23245,23256],"class_list":{"0":"post-82184","1":"post","2":"type-post","3":"status-publish","4":"format-standard","5":"has-post-thumbnail","7":"category-famosos","8":"tag-caida-de-sergio-denis","9":"tag-estado-de-salud-de-sergio-denis"},"_links":{"self":[{"href":"https:\/\/www.cordobatimes.com\/showup\/wp-json\/wp\/v2\/posts\/82184","targetHints":{"allow":["GET"]}}],"collection":[{"href":"https:\/\/www.cordobatimes.com\/showup\/wp-json\/wp\/v2\/posts"}],"about":[{"href":"https:\/\/www.cordobatimes.com\/showup\/wp-json\/wp\/v2\/types\/post"}],"author":[{"embeddable":true,"href":"https:\/\/www.cordobatimes.com\/showup\/wp-json\/wp\/v2\/users\/1"}],"replies":[{"embeddable":true,"href":"https:\/\/www.cordobatimes.com\/showup\/wp-json\/wp\/v2\/comments?post=82184"}],"version-history":[{"count":0,"href":"https:\/\/www.cordobatimes.com\/showup\/wp-json\/wp\/v2\/posts\/82184\/revisions"}],"wp:featuredmedia":[{"embeddable":true,"href":"https:\/\/www.cordobatimes.com\/showup\/wp-json\/wp\/v2\/media\/82185"}],"wp:attachment":[{"href":"https:\/\/www.cordobatimes.com\/showup\/wp-json\/wp\/v2\/media?parent=82184"}],"wp:term":[{"taxonomy":"category","embeddable":true,"href":"https:\/\/www.cordobatimes.com\/showup\/wp-json\/wp\/v2\/categories?post=82184"},{"taxonomy":"post_tag","embeddable":true,"href":"https:\/\/www.cordobatimes.com\/showup\/wp-json\/wp\/v2\/tags?post=82184"}],"curies":[{"name":"wp","href":"https:\/\/api.w.org\/{rel}","templated":true}]}}