{"id":82181,"date":"2020-03-12T10:25:43","date_gmt":"2020-03-12T13:25:43","guid":{"rendered":"https:\/\/www.cordobatimes.com\/showup\/?p=82181"},"modified":"2020-03-12T10:25:43","modified_gmt":"2020-03-12T13:25:43","slug":"se-posterga-el-estreno-de-la-nueva-pelicula-de-adrian-suarcorazon-loco-por-el-coronavirus","status":"publish","type":"post","link":"https:\/\/www.cordobatimes.com\/showup\/cine-y-series\/2020\/03\/12\/se-posterga-el-estreno-de-la-nueva-pelicula-de-adrian-suarcorazon-loco-por-el-coronavirus\/","title":{"rendered":"Se posterga el estreno de  la nueva pel\u00edcula de Adri\u00e1n Suar,Coraz\u00f3n Loco, por el coronavirus"},"content":{"rendered":"<h3><strong>Patagonik, productora del film, emiti\u00f3 un comunicado anunciando la suspensi\u00f3n<\/strong><\/h3>\n<p>A pleno con las acciones de promoci\u00f3n de Coraz\u00f3n Loco, la pel\u00edcula de Adri\u00e1n Suar, Gabriela Toscano y Soledad Villamil, por el estreno el pr\u00f3ximo 19 de marzo, Patagonik Group anunci\u00f3 en la tarde el mi\u00e9rcoles la postergaci\u00f3n del film tras los anuncios recientes del presidente Alberto Fern\u00e1ndez sobre el coronavirus.<\/p>\n<p>\u00abConforme a los hechos de p\u00fablico conocimiento y a las medidas preventivas recomendadas por el\u00a0Ministerio de Salud de la Naci\u00f3n\u00a0y la\u00a0Organizaci\u00f3n Mundial de la Salud\u00a0(OMS), con respecto al coronavirus, hemos tomado la decisi\u00f3n de postergar el estreno de la pel\u00edcula\u00a0Coraz\u00f3n Loco\u00bb, asegura el comunicado de la productora del film, sin anunciar cu\u00e1ndo llegar\u00e1 a los cines la comedia.<\/p>\n<blockquote class=\"instagram-media\" style=\"background: #FFF; border: 0; border-radius: 3px; box-shadow: 0 0 1px 0 rgba(0,0,0,0.5),0 1px 10px 0 rgba(0,0,0,0.15); margin: 1px; max-width: 540px; min-width: 326px; padding: 0; width: calc(100% - 2px);\" data-instgrm-captioned=\"\" data-instgrm-permalink=\"https:\/\/www.instagram.com\/p\/B9nLZdgHnZh\/?utm_source=ig_embed&amp;utm_campaign=loading\" data-instgrm-version=\"12\">\n<div style=\"padding: 16px;\">\n<p>&nbsp;<\/p>\n<div style=\"display: flex; flex-direction: row; align-items: center;\">\n<div style=\"background-color: #f4f4f4; border-radius: 50%; flex-grow: 0; height: 40px; margin-right: 14px; width: 40px;\"><\/div>\n<div style=\"display: flex; flex-direction: column; flex-grow: 1; justify-content: center;\">\n<div style=\"background-color: #f4f4f4; border-radius: 4px; flex-grow: 0; height: 14px; margin-bottom: 6px; width: 100px;\"><\/div>\n<div style=\"background-color: #f4f4f4; border-radius: 4px; flex-grow: 0; height: 14px; width: 60px;\"><\/div>\n<\/div>\n<\/div>\n<div style=\"padding: 19% 0;\"><\/div>\n<div style=\"display: block; height: 50px; margin: 0 auto 12px; width: 50px;\"><\/div>\n<div style=\"padding-top: 8px;\">\n<div style=\"color: #3897f0; font-family: Arial,sans-serif; font-size: 14px; font-style: normal; font-weight: 550; line-height: 18px;\">Ver esta publicaci\u00f3n en Instagram<\/div>\n<\/div>\n<div style=\"padding: 12.5% 0;\"><\/div>\n<div style=\"display: flex; flex-direction: row; margin-bottom: 14px; align-items: center;\">\n<div>\n<div style=\"background-color: #f4f4f4; border-radius: 50%; height: 12.5px; width: 12.5px; transform: translateX(0px) translateY(7px);\"><\/div>\n<div style=\"background-color: #f4f4f4; height: 12.5px; transform: rotate(-45deg) translateX(3px) translateY(1px); width: 12.5px; flex-grow: 0; margin-right: 14px; margin-left: 2px;\"><\/div>\n<div style=\"background-color: #f4f4f4; border-radius: 50%; height: 12.5px; width: 12.5px; transform: translateX(9px) translateY(-18px);\"><\/div>\n<\/div>\n<div style=\"margin-left: 8px;\">\n<div style=\"background-color: #f4f4f4; border-radius: 50%; flex-grow: 0; height: 20px; width: 20px;\"><\/div>\n<div style=\"width: 0; height: 0; border-top: 2px solid transparent; border-left: 6px solid #f4f4f4; border-bottom: 2px solid transparent; transform: translateX(16px) translateY(-4px) rotate(30deg);\"><\/div>\n<\/div>\n<div style=\"margin-left: auto;\">\n<div style=\"width: 0px; border-top: 8px solid #F4F4F4; border-right: 8px solid transparent; transform: translateY(16px);\"><\/div>\n<div style=\"background-color: #f4f4f4; flex-grow: 0; height: 12px; width: 16px; transform: translateY(-4px);\"><\/div>\n<div style=\"width: 0; height: 0; border-top: 8px solid #F4F4F4; border-left: 8px solid transparent; transform: translateY(-4px) translateX(8px);\"><\/div>\n<\/div>\n<\/div>\n<p>&nbsp;<\/p>\n<p style=\"margin: 8px 0 0 0; padding: 0 4px;\"><a style=\"color: #000; font-family: Arial,sans-serif; font-size: 14px; font-style: normal; font-weight: normal; line-height: 17px; text-decoration: none; word-wrap: break-word;\" href=\"https:\/\/www.instagram.com\/p\/B9nLZdgHnZh\/?utm_source=ig_embed&amp;utm_campaign=loading\" target=\"_blank\" rel=\"noopener noreferrer\">#corazonloco posterga estreno.<\/a><\/p>\n<p style=\"color: #c9c8cd; font-family: Arial,sans-serif; font-size: 14px; line-height: 17px; margin-bottom: 0; margin-top: 8px; overflow: hidden; padding: 8px 0 7px; text-align: center; text-overflow: ellipsis; white-space: nowrap;\">Una publicaci\u00f3n compartida de <a style=\"color: #c9c8cd; font-family: Arial,sans-serif; font-size: 14px; font-style: normal; font-weight: normal; line-height: 17px;\" href=\"https:\/\/www.instagram.com\/elchuecosuar\/?utm_source=ig_embed&amp;utm_campaign=loading\" target=\"_blank\" rel=\"noopener noreferrer\"> Adri\u00e1n Suar<\/a> (@elchuecosuar) el <time style=\"font-family: Arial,sans-serif; font-size: 14px; line-height: 17px;\" datetime=\"2020-03-11T23:41:16+00:00\">11 Mar, 2020 a las 4:41 PDT<\/time><\/p>\n<\/div>\n<\/blockquote>\n<p><script async src=\"\/\/www.instagram.com\/embed.js\"><\/script><\/p>\n<p>Coraz\u00f3n Loco cuenta la historia de un traumat\u00f3logo b\u00edgamo llamado Fernando que posee una familia en Buenos Aires y otra en Mar del Plata con las que divide su tiempo hasta que finalmente la verdad sale a la luz. Una vez que es descubierto, sus dos esposas, Paula (Toscano) y Vera (Villamil) se unen para tomar venganza, sin importarles que \u00e9l asegure que ama a las dos por igual.<\/p>\n<p><iframe loading=\"lazy\" src=\"https:\/\/www.youtube.com\/embed\/un3BHdi7xuw\" width=\"560\" height=\"315\" frameborder=\"0\" allowfullscreen=\"allowfullscreen\"><\/iframe><\/p>\n","protected":false},"excerpt":{"rendered":"<p>Patagonik, productora del film, emiti\u00f3 un comunicado anunciando la suspensi\u00f3n A pleno con las acciones de promoci\u00f3n de Coraz\u00f3n Loco, la pel\u00edcula de Adri\u00e1n Suar, Gabriela Toscano y Soledad Villamil, por el estreno el pr\u00f3ximo 19 de marzo, Patagonik Group anunci\u00f3 en la tarde el mi\u00e9rcoles la postergaci\u00f3n del film tras los anuncios recientes del [&hellip;]<\/p>\n","protected":false},"author":1,"featured_media":82182,"comment_status":"closed","ping_status":"closed","sticky":false,"template":"","format":"standard","meta":{"_seopress_robots_primary_cat":"","_seopress_titles_title":"","_seopress_titles_desc":"","_seopress_robots_index":"","footnotes":""},"categories":[3],"tags":[30404,30406,30405],"class_list":{"0":"post-82181","1":"post","2":"type-post","3":"status-publish","4":"format-standard","5":"has-post-thumbnail","7":"category-cine-y-series","8":"tag-corazon-loco-coronavirus","9":"tag-estreno-de-corazon-loco","10":"tag-pelicula-de-adrian-suar-corazon-loco"},"_links":{"self":[{"href":"https:\/\/www.cordobatimes.com\/showup\/wp-json\/wp\/v2\/posts\/82181","targetHints":{"allow":["GET"]}}],"collection":[{"href":"https:\/\/www.cordobatimes.com\/showup\/wp-json\/wp\/v2\/posts"}],"about":[{"href":"https:\/\/www.cordobatimes.com\/showup\/wp-json\/wp\/v2\/types\/post"}],"author":[{"embeddable":true,"href":"https:\/\/www.cordobatimes.com\/showup\/wp-json\/wp\/v2\/users\/1"}],"replies":[{"embeddable":true,"href":"https:\/\/www.cordobatimes.com\/showup\/wp-json\/wp\/v2\/comments?post=82181"}],"version-history":[{"count":0,"href":"https:\/\/www.cordobatimes.com\/showup\/wp-json\/wp\/v2\/posts\/82181\/revisions"}],"wp:featuredmedia":[{"embeddable":true,"href":"https:\/\/www.cordobatimes.com\/showup\/wp-json\/wp\/v2\/media\/82182"}],"wp:attachment":[{"href":"https:\/\/www.cordobatimes.com\/showup\/wp-json\/wp\/v2\/media?parent=82181"}],"wp:term":[{"taxonomy":"category","embeddable":true,"href":"https:\/\/www.cordobatimes.com\/showup\/wp-json\/wp\/v2\/categories?post=82181"},{"taxonomy":"post_tag","embeddable":true,"href":"https:\/\/www.cordobatimes.com\/showup\/wp-json\/wp\/v2\/tags?post=82181"}],"curies":[{"name":"wp","href":"https:\/\/api.w.org\/{rel}","templated":true}]}}