{"id":82161,"date":"2020-03-10T09:57:22","date_gmt":"2020-03-10T12:57:22","guid":{"rendered":"https:\/\/www.cordobatimes.com\/showup\/?p=82161"},"modified":"2020-03-10T09:57:22","modified_gmt":"2020-03-10T12:57:22","slug":"un-cortometraje-cordobes-fue-seleccionado-para-participar-en-el-festival-de-cannes","status":"publish","type":"post","link":"https:\/\/www.cordobatimes.com\/showup\/cine-y-series\/2020\/03\/10\/un-cortometraje-cordobes-fue-seleccionado-para-participar-en-el-festival-de-cannes\/","title":{"rendered":"Un cortometraje cordob\u00e9s fue seleccionado para participar en el festival de Cannes"},"content":{"rendered":"<h3><strong>Se trata de Piedra libre, dirigido por Gabriel Elettore.<\/strong><\/h3>\n<p>Un cortometraje local qued\u00f3 entre los seleccionados para participar en la pr\u00f3xima edici\u00f3n del prestigioso festival de Cannes. Se trata de Piedra Libre, un drama con toques fant\u00e1sticos que habla de la identidad, realizado de forma independiente por la Cooperativa Audiovisual, con la direcci\u00f3n de Gabriel Elettore.<\/p>\n<p>Una adolescente est\u00e1 jugando a las escondidas en su casa con sus padres, pero el juego se corta con la llegada de un oficial de polic\u00eda que est\u00e1 buscando a una ni\u00f1a de tres a\u00f1os desaparecida.<\/p>\n<p>Ah\u00ed empiezan a aflorar una serie de cuestiones ocultas, en el que la escondida es una b\u00fasqueda simb\u00f3lica.<\/p>\n<p>El cortometraje fue realizado tras su participaci\u00f3n en el 48 Hours Film Proyect (una competencia internacional en la que hay que realizar un cortometraje en dos d\u00edas), donde tras haber quedado segundos con otro corto, fueron convocados para una competencia a nivel internacional.<\/p>\n<p>As\u00ed naci\u00f3\u00a0Piedra Libre, que junto a 15 cortometrajes se exhibi\u00f3 en el Filmapalooza 2020 en Rotterdam, Holanda. \u00abDe esos hubo una selecci\u00f3n de 8, que son los que llegar\u00e1n a Cannes, donde hay un espacio llamado Short Film Corner destinado a los cortos realizados en el marco del 48 Film Proyect\u00bb, detalla Elettore.<\/p>\n<p>C\u00f3rdoba ya tuvo alguna vez un representante en ese festival con el cineasta Diego Medina y su pel\u00edcula\u00a0Conc\u00e9ntrico.<\/p>\n<p>Piedra Libre\u00a0est\u00e1 protagonizado por Malena Gracia Bosch, Cristian \u00abTeti\u00bb Cavo, Guadalupe Funes y Fabio Miglierini.<\/p>\n","protected":false},"excerpt":{"rendered":"<p>Se trata de Piedra libre, dirigido por Gabriel Elettore. Un cortometraje local qued\u00f3 entre los seleccionados para participar en la pr\u00f3xima edici\u00f3n del prestigioso festival de Cannes. Se trata de Piedra Libre, un drama con toques fant\u00e1sticos que habla de la identidad, realizado de forma independiente por la Cooperativa Audiovisual, con la direcci\u00f3n de Gabriel [&hellip;]<\/p>\n","protected":false},"author":1,"featured_media":82162,"comment_status":"closed","ping_status":"closed","sticky":false,"template":"","format":"standard","meta":{"_seopress_robots_primary_cat":"","_seopress_titles_title":"","_seopress_titles_desc":"","_seopress_robots_index":"","footnotes":""},"categories":[3],"tags":[30391,30392,30393],"class_list":{"0":"post-82161","1":"post","2":"type-post","3":"status-publish","4":"format-standard","5":"has-post-thumbnail","7":"category-cine-y-series","8":"tag-cortometraje-cordobes-festival-de-cannes","9":"tag-cortometraje-cordobes-piedra-libre","10":"tag-piedra-libre-festival-de-cannes"},"_links":{"self":[{"href":"https:\/\/www.cordobatimes.com\/showup\/wp-json\/wp\/v2\/posts\/82161","targetHints":{"allow":["GET"]}}],"collection":[{"href":"https:\/\/www.cordobatimes.com\/showup\/wp-json\/wp\/v2\/posts"}],"about":[{"href":"https:\/\/www.cordobatimes.com\/showup\/wp-json\/wp\/v2\/types\/post"}],"author":[{"embeddable":true,"href":"https:\/\/www.cordobatimes.com\/showup\/wp-json\/wp\/v2\/users\/1"}],"replies":[{"embeddable":true,"href":"https:\/\/www.cordobatimes.com\/showup\/wp-json\/wp\/v2\/comments?post=82161"}],"version-history":[{"count":0,"href":"https:\/\/www.cordobatimes.com\/showup\/wp-json\/wp\/v2\/posts\/82161\/revisions"}],"wp:featuredmedia":[{"embeddable":true,"href":"https:\/\/www.cordobatimes.com\/showup\/wp-json\/wp\/v2\/media\/82162"}],"wp:attachment":[{"href":"https:\/\/www.cordobatimes.com\/showup\/wp-json\/wp\/v2\/media?parent=82161"}],"wp:term":[{"taxonomy":"category","embeddable":true,"href":"https:\/\/www.cordobatimes.com\/showup\/wp-json\/wp\/v2\/categories?post=82161"},{"taxonomy":"post_tag","embeddable":true,"href":"https:\/\/www.cordobatimes.com\/showup\/wp-json\/wp\/v2\/tags?post=82161"}],"curies":[{"name":"wp","href":"https:\/\/api.w.org\/{rel}","templated":true}]}}