{"id":82155,"date":"2020-03-09T10:01:23","date_gmt":"2020-03-09T13:01:23","guid":{"rendered":"https:\/\/www.cordobatimes.com\/showup\/?p=82155"},"modified":"2020-03-09T10:01:23","modified_gmt":"2020-03-09T13:01:23","slug":"the-walking-dead-se-viene-la-version-latinoamericana","status":"publish","type":"post","link":"https:\/\/www.cordobatimes.com\/showup\/cine-y-series\/2020\/03\/09\/the-walking-dead-se-viene-la-version-latinoamericana\/","title":{"rendered":"The Walking Dead: \u00bfSe viene la versi\u00f3n latinoamericana?"},"content":{"rendered":"<h3><strong>Hay posibilidades de realizar una adaptaci\u00f3n en espa\u00f1ol de la tira, que estar\u00eda ambientada en Am\u00e9rica Latina.<\/strong><\/h3>\n<p>El director de efectos especiales de The Walking Dead, Greg Nicotero, destac\u00f3 la repercusi\u00f3n que tiene la tira en Am\u00e9rica Latina y confes\u00f3 en di\u00e1logo con T\u00e9lam que existieron \u00abconversaciones sobre hacer una versi\u00f3n del programa hablada en espa\u00f1ol\u00bb y ambientada en estas latitudes.<\/p>\n<p>Seg\u00fan reportaron medios especializados de Estados Unidos, el\u00a0rating\u00a0de las \u00faltimas temporadas de la serie cay\u00f3 de manera significativa en aquel pa\u00eds, mientras que en\u00a0Latinoam\u00e9rica\u00a0se ubicaba entre lo m\u00e1s visto de la televisi\u00f3n.<\/p>\n<p>\u201cHay una base de fans inmensa en Am\u00e9rica Latina y amo el hecho de que sean tan devotos\u201d, complet\u00f3 el productor, consciente del papel clave que jug\u00f3 el p\u00fablico de la regi\u00f3n para la continuidad del programa al aire.<\/p>\n<p>En el presente,\u00a0The Walking Dead\u00a0atraviesa la segunda mitad de su d\u00e9cima temporada, ya tiene listo un\u00a0spin-off\u00a0para estrenar y desarrolla una trilog\u00eda de pel\u00edculas.<\/p>\n","protected":false},"excerpt":{"rendered":"<p>Hay posibilidades de realizar una adaptaci\u00f3n en espa\u00f1ol de la tira, que estar\u00eda ambientada en Am\u00e9rica Latina. El director de efectos especiales de The Walking Dead, Greg Nicotero, destac\u00f3 la repercusi\u00f3n que tiene la tira en Am\u00e9rica Latina y confes\u00f3 en di\u00e1logo con T\u00e9lam que existieron \u00abconversaciones sobre hacer una versi\u00f3n del programa hablada en [&hellip;]<\/p>\n","protected":false},"author":1,"featured_media":82156,"comment_status":"closed","ping_status":"closed","sticky":false,"template":"","format":"standard","meta":{"_seopress_robots_primary_cat":"","_seopress_titles_title":"","_seopress_titles_desc":"","_seopress_robots_index":"","footnotes":""},"categories":[3],"tags":[30387,30388],"class_list":{"0":"post-82155","1":"post","2":"type-post","3":"status-publish","4":"format-standard","5":"has-post-thumbnail","7":"category-cine-y-series","8":"tag-version-latinoamericana-de-the-walking-dead","9":"tag-walking-dead-greg-nicotero"},"_links":{"self":[{"href":"https:\/\/www.cordobatimes.com\/showup\/wp-json\/wp\/v2\/posts\/82155","targetHints":{"allow":["GET"]}}],"collection":[{"href":"https:\/\/www.cordobatimes.com\/showup\/wp-json\/wp\/v2\/posts"}],"about":[{"href":"https:\/\/www.cordobatimes.com\/showup\/wp-json\/wp\/v2\/types\/post"}],"author":[{"embeddable":true,"href":"https:\/\/www.cordobatimes.com\/showup\/wp-json\/wp\/v2\/users\/1"}],"replies":[{"embeddable":true,"href":"https:\/\/www.cordobatimes.com\/showup\/wp-json\/wp\/v2\/comments?post=82155"}],"version-history":[{"count":0,"href":"https:\/\/www.cordobatimes.com\/showup\/wp-json\/wp\/v2\/posts\/82155\/revisions"}],"wp:featuredmedia":[{"embeddable":true,"href":"https:\/\/www.cordobatimes.com\/showup\/wp-json\/wp\/v2\/media\/82156"}],"wp:attachment":[{"href":"https:\/\/www.cordobatimes.com\/showup\/wp-json\/wp\/v2\/media?parent=82155"}],"wp:term":[{"taxonomy":"category","embeddable":true,"href":"https:\/\/www.cordobatimes.com\/showup\/wp-json\/wp\/v2\/categories?post=82155"},{"taxonomy":"post_tag","embeddable":true,"href":"https:\/\/www.cordobatimes.com\/showup\/wp-json\/wp\/v2\/tags?post=82155"}],"curies":[{"name":"wp","href":"https:\/\/api.w.org\/{rel}","templated":true}]}}