{"id":82151,"date":"2020-03-09T09:36:55","date_gmt":"2020-03-09T12:36:55","guid":{"rendered":"https:\/\/www.cordobatimes.com\/showup\/?p=82151"},"modified":"2020-03-09T09:36:55","modified_gmt":"2020-03-09T12:36:55","slug":"benjamin-vicuna-y-el-mensaje-para-su-hija-blanca-a-mi-nina-mujer-a-quien-abrazo-hoy-y-siempre","status":"publish","type":"post","link":"https:\/\/www.cordobatimes.com\/showup\/famosos\/2020\/03\/09\/benjamin-vicuna-y-el-mensaje-para-su-hija-blanca-a-mi-nina-mujer-a-quien-abrazo-hoy-y-siempre\/","title":{"rendered":"Benjam\u00edn Vicu\u00f1a y el mensaje para su hija Blanca: \u00abA mi ni\u00f1a mujer a quien abrazo hoy y siempre\u00bb"},"content":{"rendered":"<h3><strong>El actor public\u00f3 un sentido mensaje en el d\u00eda D\u00eda Internacional de la Mujer para su hija.<\/strong><\/h3>\n<p>Todos los d\u00edas 8, el actor chileno Benjam\u00edn Vicu\u00f1a publica en su cuenta de Instagram una fotograf\u00eda de su hija Blanquita, fruto de su relaci\u00f3n con Carolina \u00abPampita\u00bb Ardohain, que muri\u00f3 el 8 de septiembre de 2012.<\/p>\n<p>En esta ocasi\u00f3n, su homenaje coincide con el D\u00eda Internacional de la Mujer, por lo que el mensaje que public\u00f3 junto a la imagen est\u00e1 relacionado con la especial fecha. \u201cA mi guapa, a mi ni\u00f1a mujer a quien abrazo hoy y siempre\u201d, escribi\u00f3 el int\u00e9rprete de\u00a0Argentina, Tierra de Amor y Venganza\u00a0junto a un \u00ab8\u00bb y el s\u00edmbolo de infinito.<\/p>\n<blockquote class=\"instagram-media\" style=\"background: #FFF; border: 0; border-radius: 3px; box-shadow: 0 0 1px 0 rgba(0,0,0,0.5),0 1px 10px 0 rgba(0,0,0,0.15); margin: 1px; max-width: 540px; min-width: 326px; padding: 0; width: calc(100% - 2px);\" data-instgrm-captioned=\"\" data-instgrm-permalink=\"https:\/\/www.instagram.com\/p\/B9er1fBFpJ4\/?utm_source=ig_embed&amp;utm_campaign=loading\" data-instgrm-version=\"12\">\n<div style=\"padding: 16px;\">\n<p>&nbsp;<\/p>\n<div style=\"display: flex; flex-direction: row; align-items: center;\">\n<div style=\"background-color: #f4f4f4; border-radius: 50%; flex-grow: 0; height: 40px; margin-right: 14px; width: 40px;\"><\/div>\n<div style=\"display: flex; flex-direction: column; flex-grow: 1; justify-content: center;\">\n<div style=\"background-color: #f4f4f4; border-radius: 4px; flex-grow: 0; height: 14px; margin-bottom: 6px; width: 100px;\"><\/div>\n<div style=\"background-color: #f4f4f4; border-radius: 4px; flex-grow: 0; height: 14px; width: 60px;\"><\/div>\n<\/div>\n<\/div>\n<div style=\"padding: 19% 0;\"><\/div>\n<div style=\"display: block; height: 50px; margin: 0 auto 12px; width: 50px;\"><\/div>\n<div style=\"padding-top: 8px;\">\n<div style=\"color: #3897f0; font-family: Arial,sans-serif; font-size: 14px; font-style: normal; font-weight: 550; line-height: 18px;\">Ver esta publicaci\u00f3n en Instagram<\/div>\n<\/div>\n<div style=\"padding: 12.5% 0;\"><\/div>\n<div style=\"display: flex; flex-direction: row; margin-bottom: 14px; align-items: center;\">\n<div>\n<div style=\"background-color: #f4f4f4; border-radius: 50%; height: 12.5px; width: 12.5px; transform: translateX(0px) translateY(7px);\"><\/div>\n<div style=\"background-color: #f4f4f4; height: 12.5px; transform: rotate(-45deg) translateX(3px) translateY(1px); width: 12.5px; flex-grow: 0; margin-right: 14px; margin-left: 2px;\"><\/div>\n<div style=\"background-color: #f4f4f4; border-radius: 50%; height: 12.5px; width: 12.5px; transform: translateX(9px) translateY(-18px);\"><\/div>\n<\/div>\n<div style=\"margin-left: 8px;\">\n<div style=\"background-color: #f4f4f4; border-radius: 50%; flex-grow: 0; height: 20px; width: 20px;\"><\/div>\n<div style=\"width: 0; height: 0; border-top: 2px solid transparent; border-left: 6px solid #f4f4f4; border-bottom: 2px solid transparent; transform: translateX(16px) translateY(-4px) rotate(30deg);\"><\/div>\n<\/div>\n<div style=\"margin-left: auto;\">\n<div style=\"width: 0px; border-top: 8px solid #F4F4F4; border-right: 8px solid transparent; transform: translateY(16px);\"><\/div>\n<div style=\"background-color: #f4f4f4; flex-grow: 0; height: 12px; width: 16px; transform: translateY(-4px);\"><\/div>\n<div style=\"width: 0; height: 0; border-top: 8px solid #F4F4F4; border-left: 8px solid transparent; transform: translateY(-4px) translateX(8px);\"><\/div>\n<\/div>\n<\/div>\n<p>&nbsp;<\/p>\n<p style=\"margin: 8px 0 0 0; padding: 0 4px;\"><a style=\"color: #000; font-family: Arial,sans-serif; font-size: 14px; font-style: normal; font-weight: normal; line-height: 17px; text-decoration: none; word-wrap: break-word;\" href=\"https:\/\/www.instagram.com\/p\/B9er1fBFpJ4\/?utm_source=ig_embed&amp;utm_campaign=loading\" target=\"_blank\" rel=\"noopener noreferrer\">A mi guapa, a mi ni\u00f1a mujer a quien abrazo hoy y siempre. 8\u221e<\/a><\/p>\n<p style=\"color: #c9c8cd; font-family: Arial,sans-serif; font-size: 14px; line-height: 17px; margin-bottom: 0; margin-top: 8px; overflow: hidden; padding: 8px 0 7px; text-align: center; text-overflow: ellipsis; white-space: nowrap;\">Una publicaci\u00f3n compartida de <a style=\"color: #c9c8cd; font-family: Arial,sans-serif; font-size: 14px; font-style: normal; font-weight: normal; line-height: 17px;\" href=\"https:\/\/www.instagram.com\/benjavicunamori\/?utm_source=ig_embed&amp;utm_campaign=loading\" target=\"_blank\" rel=\"noopener noreferrer\"> Benjam\u00edn Vicu\u00f1a<\/a> (@benjavicunamori) el <time style=\"font-family: Arial,sans-serif; font-size: 14px; line-height: 17px;\" datetime=\"2020-03-08T16:31:33+00:00\">8 Mar, 2020 a las 9:31 PDT<\/time><\/p>\n<\/div>\n<\/blockquote>\n<p><script async src=\"\/\/www.instagram.com\/embed.js\"><\/script><\/p>\n<p>Asimismo, Vicu\u00f1a dedic\u00f3 en sus \u201cstories\u201d, un texto y una imagen de una rosa blanca hacia las mujeres del mundo. \u201cRespeto profundo en este d\u00eda. Que se llenen las calles de coraje. Que el grito y la movilizaci\u00f3n siga transformando la conciencia, que podamos vivir en una sociedad m\u00e1s justa. Abrazo la libertad y admiro profundamente la lucha que es diaria con los prejuicios y un sistema machista. #8M #Fuerza #Derechos #Igualdad\u201d, agreg\u00f3 el actor.<\/p>\n<p><img alt=\"\" loading=\"lazy\" decoding=\"async\" class=\"alignnone wp-image-82153 size-full\" src=\"https:\/\/www.cordobatimes.com\/showup\/wp-content\/uploads\/2020\/03\/115120.jpg\" alt=\"\" width=\"345\" height=\"606\" srcset=\"https:\/\/www.cordobatimes.com\/showup\/wp-content\/uploads\/2020\/03\/115120.jpg 345w, https:\/\/www.cordobatimes.com\/showup\/wp-content\/uploads\/2020\/03\/115120-239x420.jpg 239w\" sizes=\"auto, (max-width: 345px) 100vw, 345px\" \/><\/p>\n<p>Blanquita, que contaba con solo 6 a\u00f1os, muri\u00f3 a ra\u00edz de una neumon\u00eda hemorr\u00e1gica en una cl\u00ednica de Santiago de Chile tras contraer un virus en M\u00e9xico. Desde entonces, sus padres la recuerdan de una u otra manera todos los d\u00edas 8 de cada mes. Por eso, a siete a\u00f1os y seis meses de ese triste hecho, Vicu\u00f1a volvi\u00f3 a mostrarles a todos lo mucho que ama a su peque\u00f1a.<\/p>\n","protected":false},"excerpt":{"rendered":"<p>El actor public\u00f3 un sentido mensaje en el d\u00eda D\u00eda Internacional de la Mujer para su hija. Todos los d\u00edas 8, el actor chileno Benjam\u00edn Vicu\u00f1a publica en su cuenta de Instagram una fotograf\u00eda de su hija Blanquita, fruto de su relaci\u00f3n con Carolina \u00abPampita\u00bb Ardohain, que muri\u00f3 el 8 de septiembre de 2012. En [&hellip;]<\/p>\n","protected":false},"author":1,"featured_media":82152,"comment_status":"closed","ping_status":"closed","sticky":false,"template":"","format":"standard","meta":{"_seopress_robots_primary_cat":"","_seopress_titles_title":"","_seopress_titles_desc":"","_seopress_robots_index":"","footnotes":""},"categories":[4],"tags":[26395,27363,30386],"class_list":{"0":"post-82151","1":"post","2":"type-post","3":"status-publish","4":"format-standard","5":"has-post-thumbnail","7":"category-famosos","8":"tag-benjamin-vicuna-blanca-vicuna","9":"tag-hijos-de-pampita-y-benjamin-vicuna","10":"tag-mensajes-de-benjamin-vicuna-a-su-hija-blanca"},"_links":{"self":[{"href":"https:\/\/www.cordobatimes.com\/showup\/wp-json\/wp\/v2\/posts\/82151","targetHints":{"allow":["GET"]}}],"collection":[{"href":"https:\/\/www.cordobatimes.com\/showup\/wp-json\/wp\/v2\/posts"}],"about":[{"href":"https:\/\/www.cordobatimes.com\/showup\/wp-json\/wp\/v2\/types\/post"}],"author":[{"embeddable":true,"href":"https:\/\/www.cordobatimes.com\/showup\/wp-json\/wp\/v2\/users\/1"}],"replies":[{"embeddable":true,"href":"https:\/\/www.cordobatimes.com\/showup\/wp-json\/wp\/v2\/comments?post=82151"}],"version-history":[{"count":0,"href":"https:\/\/www.cordobatimes.com\/showup\/wp-json\/wp\/v2\/posts\/82151\/revisions"}],"wp:featuredmedia":[{"embeddable":true,"href":"https:\/\/www.cordobatimes.com\/showup\/wp-json\/wp\/v2\/media\/82152"}],"wp:attachment":[{"href":"https:\/\/www.cordobatimes.com\/showup\/wp-json\/wp\/v2\/media?parent=82151"}],"wp:term":[{"taxonomy":"category","embeddable":true,"href":"https:\/\/www.cordobatimes.com\/showup\/wp-json\/wp\/v2\/categories?post=82151"},{"taxonomy":"post_tag","embeddable":true,"href":"https:\/\/www.cordobatimes.com\/showup\/wp-json\/wp\/v2\/tags?post=82151"}],"curies":[{"name":"wp","href":"https:\/\/api.w.org\/{rel}","templated":true}]}}