{"id":82124,"date":"2020-03-07T11:57:57","date_gmt":"2020-03-07T14:57:57","guid":{"rendered":"https:\/\/www.cordobatimes.com\/showup\/?p=82124"},"modified":"2020-03-07T11:57:57","modified_gmt":"2020-03-07T14:57:57","slug":"amy-winehouse-tendra-su-biopic","status":"publish","type":"post","link":"https:\/\/www.cordobatimes.com\/showup\/cine-y-series\/2020\/03\/07\/amy-winehouse-tendra-su-biopic\/","title":{"rendered":"Amy Winehouse tendr\u00e1 su biopic"},"content":{"rendered":"<h3><strong>Lo confirm\u00f3 su familia al inaugurar un tributo a la cantante en el paseo de la fama dedicado a la m\u00fasica inglesa que se encuentra en Londres.<\/strong><\/h3>\n<p>La vida de Amy Winehouse fue intensa, vertiginosa y llena de creatividad. Con su temprana muerte, la cantante inglesa se convirti\u00f3 en el \u00faltimo mito de la m\u00fasica pop atravesado por la tragedia personal. Por eso no sorprende que el inter\u00e9s en su intimidad se siga sosteniendo.<\/p>\n<p>En ese contexto, la familia de la artista confirm\u00f3 que est\u00e1 dando los primeros pasos para la concreci\u00f3n de una\u00a0biopic\u00a0que repase la trayectoria de Winehouse y muestre a \u201cuna Amy real\u201d, seg\u00fan\u00a0le dijo su padre Mitch a la revista inglesa NME.\u00a0Esta nueva confirmaci\u00f3n llega luego de que en 2018\u00a0el entorno de Amy anunciara planes para realizar un filme durante 2019.<\/p>\n<p>\u201cHay un par de cosas que no puedo aclarar, si esa es la palabra correcta. Realmente no puedo dar m\u00e1s detalles, pero s\u00ed, habr\u00e1 algo as\u00ed y un espect\u00e1culo\u201d, coment\u00f3 el progenitor de la cantante. El anuncio se produjo en medio de la inauguraci\u00f3n de un tributo a su hija en el paseo de la fama dedicado a la m\u00fasica inglesa que se encuentra en Camden, el municipio londinense del que era oriunda la voz detr\u00e1s de\u00a0Back to Black.<\/p>\n<p>\u00abEs algo que esperamos con ansias. Volver a presentar a la gente a Amy, pero a la verdadera Amy. La que amaba a la gente y era amada y ten\u00eda gente a su alrededor. Una verdadera imagen positiva de Amy\u201d, agreg\u00f3.<\/p>\n<p>Al ser consultado respecto al formato de la pel\u00edcula y su posible link a producciones recientes como\u00a0Bohemian Rhapsody\u00a0(basada en la historia de\u00a0Freddie Mercury\u00a0y\u00a0Queen) o\u00a0Rocketman\u00a0(inspirada en la vida de\u00a0Elton John), Winheouse padre respondi\u00f3 con mesura: \u00abUna historia diferente, por supuesto, pero supongo que seguir\u00e1 l\u00edneas similares, aunque no hemos llegado tan lejos. Todo es muy emocionante\u00bb.<\/p>\n<p>Cabe recordar que Mitch Winehouse fue uno de los mayores detractores de\u00a0Amy, el pol\u00e9mico y celebrado documental sobre su hija que se alz\u00f3 con un premio Oscar en 2016.<\/p>\n<p><iframe loading=\"lazy\" width=\"560\" height=\"315\" src=\"https:\/\/www.youtube.com\/embed\/M8lNp2-JC1Y\" frameborder=\"0\" allow=\"accelerometer; autoplay; encrypted-media; gyroscope; picture-in-picture\" allowfullscreen><\/iframe><\/p>\n","protected":false},"excerpt":{"rendered":"<p>Lo confirm\u00f3 su familia al inaugurar un tributo a la cantante en el paseo de la fama dedicado a la m\u00fasica inglesa que se encuentra en Londres. La vida de Amy Winehouse fue intensa, vertiginosa y llena de creatividad. Con su temprana muerte, la cantante inglesa se convirti\u00f3 en el \u00faltimo mito de la m\u00fasica [&hellip;]<\/p>\n","protected":false},"author":1,"featured_media":82125,"comment_status":"closed","ping_status":"closed","sticky":false,"template":"","format":"standard","meta":{"_seopress_robots_primary_cat":"","_seopress_titles_title":"","_seopress_titles_desc":"","_seopress_robots_index":"","footnotes":""},"categories":[3],"tags":[30369,30370],"class_list":{"0":"post-82124","1":"post","2":"type-post","3":"status-publish","4":"format-standard","5":"has-post-thumbnail","7":"category-cine-y-series","8":"tag-pelicula-de-amy-winehouse","9":"tag-trailer-de-amy"},"_links":{"self":[{"href":"https:\/\/www.cordobatimes.com\/showup\/wp-json\/wp\/v2\/posts\/82124","targetHints":{"allow":["GET"]}}],"collection":[{"href":"https:\/\/www.cordobatimes.com\/showup\/wp-json\/wp\/v2\/posts"}],"about":[{"href":"https:\/\/www.cordobatimes.com\/showup\/wp-json\/wp\/v2\/types\/post"}],"author":[{"embeddable":true,"href":"https:\/\/www.cordobatimes.com\/showup\/wp-json\/wp\/v2\/users\/1"}],"replies":[{"embeddable":true,"href":"https:\/\/www.cordobatimes.com\/showup\/wp-json\/wp\/v2\/comments?post=82124"}],"version-history":[{"count":0,"href":"https:\/\/www.cordobatimes.com\/showup\/wp-json\/wp\/v2\/posts\/82124\/revisions"}],"wp:featuredmedia":[{"embeddable":true,"href":"https:\/\/www.cordobatimes.com\/showup\/wp-json\/wp\/v2\/media\/82125"}],"wp:attachment":[{"href":"https:\/\/www.cordobatimes.com\/showup\/wp-json\/wp\/v2\/media?parent=82124"}],"wp:term":[{"taxonomy":"category","embeddable":true,"href":"https:\/\/www.cordobatimes.com\/showup\/wp-json\/wp\/v2\/categories?post=82124"},{"taxonomy":"post_tag","embeddable":true,"href":"https:\/\/www.cordobatimes.com\/showup\/wp-json\/wp\/v2\/tags?post=82124"}],"curies":[{"name":"wp","href":"https:\/\/api.w.org\/{rel}","templated":true}]}}