{"id":82121,"date":"2020-03-07T11:18:14","date_gmt":"2020-03-07T14:18:14","guid":{"rendered":"https:\/\/www.cordobatimes.com\/showup\/?p=82121"},"modified":"2020-03-07T11:18:14","modified_gmt":"2020-03-07T14:18:14","slug":"ricky-martin-y-enrique-iglesias-tendran-gira-juntos-y-sebastian-yatra-sera-invitado-especial","status":"publish","type":"post","link":"https:\/\/www.cordobatimes.com\/showup\/musica\/2020\/03\/07\/ricky-martin-y-enrique-iglesias-tendran-gira-juntos-y-sebastian-yatra-sera-invitado-especial\/","title":{"rendered":"Ricky Martin y Enrique Iglesias tendr\u00e1n gira juntos y Sebasti\u00e1n Yatra ser\u00e1 invitado especial"},"content":{"rendered":"<h3><strong>El boricua y el espa\u00f1ol anunciaron su nuevo proyecto.\u00a0<\/strong><\/h3>\n<p>Convocan multitudes. Dos de los artistas latinos m\u00e1s exitosos se juntan ahora para deleitar a sus seguidoras con una gira en conjunto: Ricky Martin y Enrique Iglesias. Como si eso fuera poco, suman al \u00eddolo millenial colombiano: Sebasti\u00e1n Yatra.<\/p>\n<p>\u201cSer\u00e1 divertido. Ser\u00e1 maravilloso\u00bb, dijo Martin despu\u00e9s de una conferencia de prensa en la que se hizo el anuncio el mi\u00e9rcoles por la tarde. Luego, lo informaron en sus redes.<\/p>\n<p>La gira comenzar\u00e1 el 5 de septiembre en Phoenix e incluir\u00e1 21 paradas por Estados Unidos y Canad\u00e1, incluyendo en ciudades como Houston, Los \u00c1ngeles, Toronto, Nueva York y Miami, antes de terminar el 30 de octubre en Atlanta. Los boletos salen a la venta el 12 de marzo.<\/p>\n<p>Sebasti\u00e1n Yatra, quien servir\u00e1 como telonero del espect\u00e1culo. \u201cEste es de lejos el momento m\u00e1s surrealista de mi vida\u00bb, expres\u00f3 el colombiano, quien describi\u00f3 a Mart\u00edn e Iglesias como sus \u00eddolos. \u201cNi siquiera s\u00e9 qu\u00e9 est\u00e1 pasando, es una locura. Gracias chicos por permitirse ser parte de esta gira\u00bb.<\/p>\n<p>El d\u00fao din\u00e1mico est\u00e1 planificando todos los detalles de su recorrido, en el que prometen tocar todos sus \u00e9xitos y tambi\u00e9n canciones nuevas.<\/p>\n<p>\u201cYo de hecho estar\u00e9 lanzando un \u00e1lbum este a\u00f1o\u00bb, dijo Iglesias, conocido por hits como\u00a0Hero,\u00a0Bailando\u00a0y\u00a0Tonight. \u201cMe siento bien al respecto. Ha sido dif\u00edcil terminarlo, pero estoy en ese punto en el que pienso que ya casi est\u00e1 listo\u00bb.<\/p>\n<p>Mart\u00edn, en tanto, promete un nuevo disco en los pr\u00f3ximos dos meses. \u201cAcabo de lanzar un sencillo, Tiburones, y trabaj\u00e9 con C\u00e1ntalo tratando de revivir los sonidos de los 70 de la salsa\u00bb, dijo. Ambos tambi\u00e9n est\u00e1n considerando la idea de grabar algo juntos.<\/p>\n<p>Tanto Martin como Iglesias son padres de familia, lo cual representa un reto adicional a la hora de salir de gira.<\/p>\n<p>El cantante puertorrique\u00f1o tiene cuatro hijos: los mellizos Valentino y Matteo, que tuvo por su cuenta hace 11 a\u00f1os, y los peque\u00f1os Luc\u00eda y Renn, nacidos en 2008 y 2009, con su esposo Jwan Josef.<\/p>\n<p>El int\u00e9rprete espa\u00f1ol, en tanto, tiene tres con su pareja, la extenista profesional Anna Kournikova: los mellizos Nicholas y Lucy, y una bebita nacida el 30 de enero.<\/p>\n<p>\u201cEs un tema que hablamos por horas, porque cada quien tiene que tomar sus decisiones basadas en las necesidades de la familia\u00bb, dijo Martin, quien suele viajar con sus hijos a todos lados, aunque con \u00ablos beb\u00e9s se complica un poco la situaci\u00f3n\u00bb.<\/p>\n<p>\u00abYa veremos\u00bb, se\u00f1al\u00f3. \u00abEn mi caso yo lo voy a tomar un d\u00eda a la vez, voy a tratar de empujar los l\u00edmites lo m\u00e1s posible porque me cuesta dejarlos, me cuesta&#8230; Pero tambi\u00e9n, por ser Estados Unidos podemos volver a casa cuando podamos\u00bb.<\/p>\n<p>Iglesias agreg\u00f3: \u00abEso es lo bonito tambi\u00e9n de esa gira. Ricky vive aqu\u00ed en Los \u00c1ngeles, yo vivo en Miami, as\u00ed que podemos dar un concierto en Nueva York o cualquier sitio en los Estados Unidos y regresar a casa ese mismo d\u00eda la mayor\u00eda de las veces, que eso, para nuestras familias, es importante\u00bb.<\/p>\n<blockquote class=\"twitter-tweet\" data-lang=\"es\">\n<p dir=\"ltr\" lang=\"en\">Thanks to all the media for joining us on the announcement of our US Tour <a href=\"https:\/\/twitter.com\/hashtag\/EnriqueRickyTour?src=hash&amp;ref_src=twsrc%5Etfw\">#EnriqueRickyTour<\/a>. We can\u2019t wait to start!!\ud83c\udf89 <a href=\"https:\/\/twitter.com\/enriqueiglesias?ref_src=twsrc%5Etfw\">@enriqueiglesias<\/a> <a href=\"https:\/\/twitter.com\/SebastianYatra?ref_src=twsrc%5Etfw\">@SebastianYatra<\/a><br \/>\nRemember Fan PreSale starts March 11th &#8211; 10am <a href=\"https:\/\/t.co\/hqhQLvcGSy\">pic.twitter.com\/hqhQLvcGSy<\/a><\/p>\n<p>\u2014 Ricky Martin (@ricky_martin) <a href=\"https:\/\/twitter.com\/ricky_martin\/status\/1235426040241143809?ref_src=twsrc%5Etfw\">5 de marzo de 2020<\/a><\/p><\/blockquote>\n<p><script async src=\"https:\/\/platform.twitter.com\/widgets.js\" charset=\"utf-8\"><\/script><\/p>\n","protected":false},"excerpt":{"rendered":"<p>El boricua y el espa\u00f1ol anunciaron su nuevo proyecto.\u00a0 Convocan multitudes. Dos de los artistas latinos m\u00e1s exitosos se juntan ahora para deleitar a sus seguidoras con una gira en conjunto: Ricky Martin y Enrique Iglesias. Como si eso fuera poco, suman al \u00eddolo millenial colombiano: Sebasti\u00e1n Yatra. \u201cSer\u00e1 divertido. Ser\u00e1 maravilloso\u00bb, dijo Martin despu\u00e9s [&hellip;]<\/p>\n","protected":false},"author":1,"featured_media":82122,"comment_status":"closed","ping_status":"closed","sticky":false,"template":"","format":"standard","meta":{"_seopress_robots_primary_cat":"","_seopress_titles_title":"","_seopress_titles_desc":"","_seopress_robots_index":"","footnotes":""},"categories":[5],"tags":[30368,30367,30366],"class_list":{"0":"post-82121","1":"post","2":"type-post","3":"status-publish","4":"format-standard","5":"has-post-thumbnail","7":"category-musica","8":"tag-ricky-martin-enrique-iglesias-y-sebastian-yatra","9":"tag-ricky-martin-y-enrique-iglesias","10":"tag-ricky-martin-y-enrique-iglesias-tendran-gira-juntos"},"_links":{"self":[{"href":"https:\/\/www.cordobatimes.com\/showup\/wp-json\/wp\/v2\/posts\/82121","targetHints":{"allow":["GET"]}}],"collection":[{"href":"https:\/\/www.cordobatimes.com\/showup\/wp-json\/wp\/v2\/posts"}],"about":[{"href":"https:\/\/www.cordobatimes.com\/showup\/wp-json\/wp\/v2\/types\/post"}],"author":[{"embeddable":true,"href":"https:\/\/www.cordobatimes.com\/showup\/wp-json\/wp\/v2\/users\/1"}],"replies":[{"embeddable":true,"href":"https:\/\/www.cordobatimes.com\/showup\/wp-json\/wp\/v2\/comments?post=82121"}],"version-history":[{"count":0,"href":"https:\/\/www.cordobatimes.com\/showup\/wp-json\/wp\/v2\/posts\/82121\/revisions"}],"wp:featuredmedia":[{"embeddable":true,"href":"https:\/\/www.cordobatimes.com\/showup\/wp-json\/wp\/v2\/media\/82122"}],"wp:attachment":[{"href":"https:\/\/www.cordobatimes.com\/showup\/wp-json\/wp\/v2\/media?parent=82121"}],"wp:term":[{"taxonomy":"category","embeddable":true,"href":"https:\/\/www.cordobatimes.com\/showup\/wp-json\/wp\/v2\/categories?post=82121"},{"taxonomy":"post_tag","embeddable":true,"href":"https:\/\/www.cordobatimes.com\/showup\/wp-json\/wp\/v2\/tags?post=82121"}],"curies":[{"name":"wp","href":"https:\/\/api.w.org\/{rel}","templated":true}]}}