{"id":82094,"date":"2020-03-05T10:01:42","date_gmt":"2020-03-05T13:01:42","guid":{"rendered":"https:\/\/www.cordobatimes.com\/showup\/?p=82094"},"modified":"2020-03-05T10:01:42","modified_gmt":"2020-03-05T13:01:42","slug":"asi-luce-el-batimovil-que-manejara-robert-pattinson","status":"publish","type":"post","link":"https:\/\/www.cordobatimes.com\/showup\/cine-y-series\/2020\/03\/05\/asi-luce-el-batimovil-que-manejara-robert-pattinson\/","title":{"rendered":"As\u00ed luce el batim\u00f3vil que manejar\u00e1 Robert Pattinson"},"content":{"rendered":"<h3><strong>Matt Reeves, el director de la pel\u00edcula que se estrena en 2021, mostr\u00f3 las primeras im\u00e1genes desde el set.<\/strong><\/h3>\n<p>Matt Reeves, director y co guionista de la nueva versi\u00f3n de Batman que tiene a Robert Pattinson como el hombre murci\u00e9lago contin\u00faa develando im\u00e1genes del esperado film. Desde el set de filmaci\u00f3n y para regocijo del fandom, el cineasta subi\u00f3 a su perfil de Twitter tres fotograf\u00edas en la que se ve a Bruce Wayne con el traje de Batman y junto al famoso veh\u00edculo, que en primera instancia tiene la apariencia de un &#8216;muscle car&#8217;, similar a un Mustang.<\/p>\n<p>La nueva nueva pel\u00edcula y reboot sobre el justiciero de Ciudad G\u00f3tica, que llega con el t\u00edtulo\u00a0The Batman, se encuentra en pleno rodaje en Londres, con una historia ahora adaptada por Matt Reeves junto a\u00a0Mattson Tomlin. El mes pasado, el director ya hab\u00eda revelado la imagen m\u00e1s esperada: la del protagonista, Robert Pattinson, caracterizado como el famoso superh\u00e9roe.<\/p>\n<p>The Batman est\u00e1 programada para estrenarse a nivel mundial el 25 de junio de 2021 y tendr\u00e1 a\u00a0Zoe Kravitz\u00a0como Selina Kyle, Catwoman,\u00a0Jeffrey Wright\u00a0como el Comisionado Gordon,\u00a0Paul Dano\u00a0como Edward Nashton\/The Riddler,\u00a0Andy Serkis\u00a0como Alfred Pennyworth,\u00a0John Turturro\u00a0como Carmine Falcone, y a\u00a0Colin Farrell\u00a0como El Ping\u00fcino.<\/p>\n<blockquote class=\"twitter-tweet\" data-lang=\"es\">\n<p dir=\"ltr\" lang=\"und\">\ud83e\udd87\ud83c\udfce <a href=\"https:\/\/twitter.com\/hashtag\/TheBatman?src=hash&amp;ref_src=twsrc%5Etfw\">#TheBatman<\/a> <a href=\"https:\/\/t.co\/qJFNprk1ut\">pic.twitter.com\/qJFNprk1ut<\/a><\/p>\n<p>\u2014 Matt Reeves (@mattreevesLA) <a href=\"https:\/\/twitter.com\/mattreevesLA\/status\/1235261421425958912?ref_src=twsrc%5Etfw\">4 de marzo de 2020<\/a><\/p><\/blockquote>\n<p><script async src=\"https:\/\/platform.twitter.com\/widgets.js\" charset=\"utf-8\"><\/script><\/p>\n","protected":false},"excerpt":{"rendered":"<p>Matt Reeves, el director de la pel\u00edcula que se estrena en 2021, mostr\u00f3 las primeras im\u00e1genes desde el set. Matt Reeves, director y co guionista de la nueva versi\u00f3n de Batman que tiene a Robert Pattinson como el hombre murci\u00e9lago contin\u00faa develando im\u00e1genes del esperado film. Desde el set de filmaci\u00f3n y para regocijo del [&hellip;]<\/p>\n","protected":false},"author":1,"featured_media":82095,"comment_status":"closed","ping_status":"closed","sticky":false,"template":"","format":"standard","meta":{"_seopress_robots_primary_cat":"","_seopress_titles_title":"","_seopress_titles_desc":"","_seopress_robots_index":"","footnotes":""},"categories":[3],"tags":[30348,30349,30350],"class_list":{"0":"post-82094","1":"post","2":"type-post","3":"status-publish","4":"format-standard","5":"has-post-thumbnail","7":"category-cine-y-series","8":"tag-batimovil-que-manejara-robert-pattinson","9":"tag-nueva-version-de-batman","10":"tag-robert-pattinson-como-el-hombre-murcielago"},"_links":{"self":[{"href":"https:\/\/www.cordobatimes.com\/showup\/wp-json\/wp\/v2\/posts\/82094","targetHints":{"allow":["GET"]}}],"collection":[{"href":"https:\/\/www.cordobatimes.com\/showup\/wp-json\/wp\/v2\/posts"}],"about":[{"href":"https:\/\/www.cordobatimes.com\/showup\/wp-json\/wp\/v2\/types\/post"}],"author":[{"embeddable":true,"href":"https:\/\/www.cordobatimes.com\/showup\/wp-json\/wp\/v2\/users\/1"}],"replies":[{"embeddable":true,"href":"https:\/\/www.cordobatimes.com\/showup\/wp-json\/wp\/v2\/comments?post=82094"}],"version-history":[{"count":0,"href":"https:\/\/www.cordobatimes.com\/showup\/wp-json\/wp\/v2\/posts\/82094\/revisions"}],"wp:featuredmedia":[{"embeddable":true,"href":"https:\/\/www.cordobatimes.com\/showup\/wp-json\/wp\/v2\/media\/82095"}],"wp:attachment":[{"href":"https:\/\/www.cordobatimes.com\/showup\/wp-json\/wp\/v2\/media?parent=82094"}],"wp:term":[{"taxonomy":"category","embeddable":true,"href":"https:\/\/www.cordobatimes.com\/showup\/wp-json\/wp\/v2\/categories?post=82094"},{"taxonomy":"post_tag","embeddable":true,"href":"https:\/\/www.cordobatimes.com\/showup\/wp-json\/wp\/v2\/tags?post=82094"}],"curies":[{"name":"wp","href":"https:\/\/api.w.org\/{rel}","templated":true}]}}