{"id":81644,"date":"2020-02-27T10:20:00","date_gmt":"2020-02-27T13:20:00","guid":{"rendered":"https:\/\/www.cordobatimes.com\/showup\/?p=81644"},"modified":"2020-02-27T10:20:00","modified_gmt":"2020-02-27T13:20:00","slug":"el-comunicado-oficial-de-los-productores-de-los-simpson-por-la-polemica-sobre-apu","status":"publish","type":"post","link":"https:\/\/www.cordobatimes.com\/showup\/cine-y-series\/2020\/02\/27\/el-comunicado-oficial-de-los-productores-de-los-simpson-por-la-polemica-sobre-apu\/","title":{"rendered":"El comunicado oficial de los productores de \u201cLos Simpson\u201d por la pol\u00e9mica sobre Apu"},"content":{"rendered":"<h3><strong>El actor Hank Azaria ya no har\u00e1 la voz del personaje.\u00a0<\/strong><\/h3>\n<p>El pasado enero Hank Azaria revel\u00f3 que ya no pondr\u00eda voz a Apu en Los Simpson tras las acusaciones hacia el personaje de perpetuar estereotipos racistas. Ahora los productores de la serie han confirmado la noticia a trav\u00e9s de un comunicado anunciando su salida.<\/p>\n<p>\u00abRespetamos el viaje de Hank con respecto a Apu. Hemos concedido su deseo de no poner voz al personaje\u00bb, apunta el comunicado publicado en The New York Times. Los productores no aclararon si Azaria ser\u00e1 reemplazado o si el personaje ser\u00e1 eliminado de la serie por completo. \u00abApu es querido en todo el mundo. Nosotros tambi\u00e9n lo queremos. Est\u00e9n al tanto\u00bb, agregaron.<\/p>\n<p>Azaria apunt\u00f3 que desconoce los planes de futuro para Apu cuando revel\u00f3 que dejar\u00eda el rol. \u00abLo que van a hacer con el personaje es su decisi\u00f3n\u00bb, dijo. \u00abDepende de ellos y a\u00fan no lo han resuelto. Todo lo que hemos acordado es que ya no le pondr\u00e9 voz\u00bb.<\/p>\n<p>La decisi\u00f3n de Azaria se produce despu\u00e9s de que el documental The Problem With Apu expusiera los sentimientos negativos que muchos indios americanos tienen hacia el personaje, percibido como una caricatura anticuada y racista.<\/p>\n<p>\u00abUna vez que me di cuenta de que esa era la forma en que se ve\u00eda este personaje, simplemente ya no quer\u00eda participar\u00bb, dijo Azaria a\u00a0The New York Times. \u00abSimplemente no me sent\u00eda bien. Lo que sucedi\u00f3 con este personaje es una ventana a un problema importante. Es una buena manera de comenzar la conversaci\u00f3n. Puedo ser responsable e intentar compensarlo lo mejor que pueda\u00bb, se\u00f1al\u00f3.<\/p>\n<p>Sin embargo el doblador no abandonar\u00e1 por completo\u00a0Los Simpson\u00a0ya que Apu es solo uno de los muchos personajes a los que pone voz. Azaria tambi\u00e9n est\u00e1 detr\u00e1s de Moe, el jefe Wiggum, el dependiente de la tienda de c\u00f3mics y Carl.<\/p>\n<p>Los Simpson\u00a0est\u00e1 emitiendo actualmente su temporada 31 y ya ha renovado por una entrega m\u00e1s.<\/p>\n","protected":false},"excerpt":{"rendered":"<p>El actor Hank Azaria ya no har\u00e1 la voz del personaje.\u00a0 El pasado enero Hank Azaria revel\u00f3 que ya no pondr\u00eda voz a Apu en Los Simpson tras las acusaciones hacia el personaje de perpetuar estereotipos racistas. Ahora los productores de la serie han confirmado la noticia a trav\u00e9s de un comunicado anunciando su salida. [&hellip;]<\/p>\n","protected":false},"author":1,"featured_media":81645,"comment_status":"closed","ping_status":"closed","sticky":false,"template":"","format":"standard","meta":{"_seopress_robots_primary_cat":"","_seopress_titles_title":"","_seopress_titles_desc":"","_seopress_robots_index":"","footnotes":""},"categories":[3],"tags":[30180,30179,30181],"class_list":{"0":"post-81644","1":"post","2":"type-post","3":"status-publish","4":"format-standard","5":"has-post-thumbnail","7":"category-cine-y-series","8":"tag-apu-hank-azaria","9":"tag-comunicado-oficial-de-los-productores-de-los-simpson","10":"tag-documental-the-problem-with-apu"},"_links":{"self":[{"href":"https:\/\/www.cordobatimes.com\/showup\/wp-json\/wp\/v2\/posts\/81644","targetHints":{"allow":["GET"]}}],"collection":[{"href":"https:\/\/www.cordobatimes.com\/showup\/wp-json\/wp\/v2\/posts"}],"about":[{"href":"https:\/\/www.cordobatimes.com\/showup\/wp-json\/wp\/v2\/types\/post"}],"author":[{"embeddable":true,"href":"https:\/\/www.cordobatimes.com\/showup\/wp-json\/wp\/v2\/users\/1"}],"replies":[{"embeddable":true,"href":"https:\/\/www.cordobatimes.com\/showup\/wp-json\/wp\/v2\/comments?post=81644"}],"version-history":[{"count":0,"href":"https:\/\/www.cordobatimes.com\/showup\/wp-json\/wp\/v2\/posts\/81644\/revisions"}],"wp:featuredmedia":[{"embeddable":true,"href":"https:\/\/www.cordobatimes.com\/showup\/wp-json\/wp\/v2\/media\/81645"}],"wp:attachment":[{"href":"https:\/\/www.cordobatimes.com\/showup\/wp-json\/wp\/v2\/media?parent=81644"}],"wp:term":[{"taxonomy":"category","embeddable":true,"href":"https:\/\/www.cordobatimes.com\/showup\/wp-json\/wp\/v2\/categories?post=81644"},{"taxonomy":"post_tag","embeddable":true,"href":"https:\/\/www.cordobatimes.com\/showup\/wp-json\/wp\/v2\/tags?post=81644"}],"curies":[{"name":"wp","href":"https:\/\/api.w.org\/{rel}","templated":true}]}}