{"id":81470,"date":"2020-02-24T10:23:08","date_gmt":"2020-02-24T13:23:08","guid":{"rendered":"https:\/\/www.cordobatimes.com\/showup\/?p=81470"},"modified":"2020-04-02T13:23:13","modified_gmt":"2020-04-02T16:23:13","slug":"vina-del-mar-2020-ricky-martin-abrio-con-sus-ultimos-exitos-y-un-beso-al-presentador","status":"publish","type":"post","link":"https:\/\/www.cordobatimes.com\/showup\/musica\/2020\/02\/24\/vina-del-mar-2020-ricky-martin-abrio-con-sus-ultimos-exitos-y-un-beso-al-presentador\/","title":{"rendered":"Vi\u00f1a del Mar 2020: Ricky Martin abri\u00f3 con sus \u00faltimos \u00e9xitos y un beso al presentador"},"content":{"rendered":"<h3><strong>El Festival de Vi\u00f1a del Mar 2020, es uno de los m\u00e1s importantes de Latinoam\u00e9rica y qued\u00f3 inaugurado el domingo pasado con la presentaci\u00f3n de Ricky Martin<\/strong>.<\/h3>\n<p>El famoso cantante puertorrique\u00f1o fue ovacionado por el p\u00fablico que se hizo presente en el Anfiteatro de la Quinta Vergara, ubicada en la regi\u00f3n de Valpara\u00edso de Chile, y sorprendi\u00f3 a todos al darle\u00a0un \u201cpiquito\u201d a Mart\u00edn C\u00e1rcamo, presentador del evento junto a\u00a0Mar\u00eda Luisa Godoy<\/p>\n<p><iframe loading=\"lazy\" src=\"https:\/\/www.youtube.com\/embed\/LvjPq3BIKKM\" width=\"560\" height=\"315\" frameborder=\"0\" allowfullscreen=\"allowfullscreen\"><\/iframe><\/p>\n<p>Ricky Martin dio inicio al festival con su nuevo sencillo \u201cTiburones\u201d, de su pr\u00f3ximo trabajo discogr\u00e1fico. Un tema que calific\u00f3 de \u201crom\u00e1ntico\u201d y que fue muy bien recibido por el p\u00fablico. Luego comenz\u00f3 con un repaso por sus hist\u00f3ricos \u00e9xitos, como \u201cLivin\u2019 la vida loca\u201d, \u201cTe extra\u00f1o, te olvido, te amo\u201d, \u201cTal vez\u201d, \u201cVuelve\u00bb y \u201cP\u00e9gate\u201d. Por supuesto, no se olvid\u00f3 de los hits m\u00e1s recientes, como \u201cLa mordidita\u201d y \u201cVente Pa\u00b4ca\u201d.<\/p>\n<p><iframe loading=\"lazy\" src=\"https:\/\/www.youtube.com\/embed\/_3_P4HrCRWE\" width=\"560\" height=\"315\" frameborder=\"0\" allowfullscreen=\"allowfullscreen\"><\/iframe><\/p>\n<p><img alt=\"\" loading=\"lazy\" decoding=\"async\" class=\"alignnone wp-image-81472 size-full\" src=\"https:\/\/www.cordobatimes.com\/showup\/wp-content\/uploads\/2020\/02\/42323.jpg\" alt=\"\" width=\"731\" height=\"482\" srcset=\"https:\/\/www.cordobatimes.com\/showup\/wp-content\/uploads\/2020\/02\/42323.jpg 731w, https:\/\/www.cordobatimes.com\/showup\/wp-content\/uploads\/2020\/02\/42323-637x420.jpg 637w, https:\/\/www.cordobatimes.com\/showup\/wp-content\/uploads\/2020\/02\/42323-696x459.jpg 696w\" sizes=\"auto, (max-width: 731px) 100vw, 731px\" \/><\/p>\n<p><img alt=\"\" loading=\"lazy\" decoding=\"async\" class=\"alignnone wp-image-81473 size-full\" src=\"https:\/\/www.cordobatimes.com\/showup\/wp-content\/uploads\/2020\/02\/2121032562.jpg\" alt=\"\" width=\"710\" height=\"546\" srcset=\"https:\/\/www.cordobatimes.com\/showup\/wp-content\/uploads\/2020\/02\/2121032562.jpg 710w, https:\/\/www.cordobatimes.com\/showup\/wp-content\/uploads\/2020\/02\/2121032562-546x420.jpg 546w, https:\/\/www.cordobatimes.com\/showup\/wp-content\/uploads\/2020\/02\/2121032562-696x535.jpg 696w\" sizes=\"auto, (max-width: 710px) 100vw, 710px\" \/><\/p>\n<p>El evento se desarrollar\u00e1 hasta el pr\u00f3ximo viernes y contar\u00e1 con artistas como\u00a0Mon Laferte, Los Pimpinela, Pablo Albor\u00e1n, Luciano Pereyra, Maroon 5\u00a0y\u00a0Ozuna.<\/p>\n","protected":false},"excerpt":{"rendered":"<p>El Festival de Vi\u00f1a del Mar 2020, es uno de los m\u00e1s importantes de Latinoam\u00e9rica y qued\u00f3 inaugurado el domingo pasado con la presentaci\u00f3n de Ricky Martin. El famoso cantante puertorrique\u00f1o fue ovacionado por el p\u00fablico que se hizo presente en el Anfiteatro de la Quinta Vergara, ubicada en la regi\u00f3n de Valpara\u00edso de Chile, [&hellip;]<\/p>\n","protected":false},"author":1,"featured_media":81471,"comment_status":"closed","ping_status":"closed","sticky":false,"template":"","format":"standard","meta":{"_seopress_robots_primary_cat":"","_seopress_titles_title":"","_seopress_titles_desc":"","_seopress_robots_index":"","footnotes":""},"categories":[5],"tags":[24609,30099],"class_list":{"0":"post-81470","1":"post","2":"type-post","3":"status-publish","4":"format-standard","5":"has-post-thumbnail","7":"category-musica","8":"tag-festival-de-vina-del-mar-2020","9":"tag-ricky-martin-en-vina-del-mar-2020"},"_links":{"self":[{"href":"https:\/\/www.cordobatimes.com\/showup\/wp-json\/wp\/v2\/posts\/81470","targetHints":{"allow":["GET"]}}],"collection":[{"href":"https:\/\/www.cordobatimes.com\/showup\/wp-json\/wp\/v2\/posts"}],"about":[{"href":"https:\/\/www.cordobatimes.com\/showup\/wp-json\/wp\/v2\/types\/post"}],"author":[{"embeddable":true,"href":"https:\/\/www.cordobatimes.com\/showup\/wp-json\/wp\/v2\/users\/1"}],"replies":[{"embeddable":true,"href":"https:\/\/www.cordobatimes.com\/showup\/wp-json\/wp\/v2\/comments?post=81470"}],"version-history":[{"count":0,"href":"https:\/\/www.cordobatimes.com\/showup\/wp-json\/wp\/v2\/posts\/81470\/revisions"}],"wp:featuredmedia":[{"embeddable":true,"href":"https:\/\/www.cordobatimes.com\/showup\/wp-json\/wp\/v2\/media\/81471"}],"wp:attachment":[{"href":"https:\/\/www.cordobatimes.com\/showup\/wp-json\/wp\/v2\/media?parent=81470"}],"wp:term":[{"taxonomy":"category","embeddable":true,"href":"https:\/\/www.cordobatimes.com\/showup\/wp-json\/wp\/v2\/categories?post=81470"},{"taxonomy":"post_tag","embeddable":true,"href":"https:\/\/www.cordobatimes.com\/showup\/wp-json\/wp\/v2\/tags?post=81470"}],"curies":[{"name":"wp","href":"https:\/\/api.w.org\/{rel}","templated":true}]}}