{"id":81459,"date":"2020-02-24T09:54:11","date_gmt":"2020-02-24T12:54:11","guid":{"rendered":"https:\/\/www.cordobatimes.com\/showup\/?p=81459"},"modified":"2020-02-24T09:54:11","modified_gmt":"2020-02-24T12:54:11","slug":"se-filtraron-imagenes-del-rodaje-de-batman","status":"publish","type":"post","link":"https:\/\/www.cordobatimes.com\/showup\/cine-y-series\/2020\/02\/24\/se-filtraron-imagenes-del-rodaje-de-batman\/","title":{"rendered":"Se filtraron im\u00e1genes del rodaje de Batman"},"content":{"rendered":"<h3><strong>El doble de riesgo de Robert Pattinson fue retratado filmando escenas de la pel\u00edcula.<\/strong><\/h3>\n<p>Se filtraron nuevas im\u00e1genes del rodaje de la pr\u00f3xima pel\u00edcula de Batman y en ellas podemos ver c\u00f3mo luce su nuevo traje.<\/p>\n<p>El doble de riesgo de Robert Pattinson fue visto grabando una escena en la que conduce el Batcycle (la motocicleta ficticia usada por Batman) en Glasgow, Escocia.<\/p>\n<p>Esta es la primera vez que podemos ver claramente c\u00f3mo se ver\u00e1 la versi\u00f3n del el traje del personaje de DC Comics del director de cine Matt Reeves. Hace unos d\u00edas pudimos ver un video del director, en donde prueban el traje en Pattison.<\/p>\n<p>El elenco de esta pel\u00edcula de Batman incluye a Zoe Kravitz como Gatubela, Paul Dano como el Acertijo, Colin Farrel como el Ping\u00fcino, John Turturro como Carmine Falcone, Jeffrey Wright como James \u00abJim\u00bb Gordon, Andy Serkis como Alfred Pennyworth y Peter Sarsgaard (todav\u00eda no se conoce su personaje).<\/p>\n<p><img alt=\"\" loading=\"lazy\" decoding=\"async\" class=\"alignnone wp-image-81461 size-full\" src=\"https:\/\/www.cordobatimes.com\/showup\/wp-content\/uploads\/2020\/02\/1-8.jpg\" alt=\"\" width=\"876\" height=\"567\" srcset=\"https:\/\/www.cordobatimes.com\/showup\/wp-content\/uploads\/2020\/02\/1-8.jpg 876w, https:\/\/www.cordobatimes.com\/showup\/wp-content\/uploads\/2020\/02\/1-8-649x420.jpg 649w, https:\/\/www.cordobatimes.com\/showup\/wp-content\/uploads\/2020\/02\/1-8-768x497.jpg 768w, https:\/\/www.cordobatimes.com\/showup\/wp-content\/uploads\/2020\/02\/1-8-696x450.jpg 696w\" sizes=\"auto, (max-width: 876px) 100vw, 876px\" \/><\/p>\n<p><img alt=\"\" loading=\"lazy\" decoding=\"async\" class=\"alignnone wp-image-81462 size-full\" src=\"https:\/\/www.cordobatimes.com\/showup\/wp-content\/uploads\/2020\/02\/2-5.jpg\" alt=\"\" width=\"830\" height=\"565\" srcset=\"https:\/\/www.cordobatimes.com\/showup\/wp-content\/uploads\/2020\/02\/2-5.jpg 830w, https:\/\/www.cordobatimes.com\/showup\/wp-content\/uploads\/2020\/02\/2-5-617x420.jpg 617w, https:\/\/www.cordobatimes.com\/showup\/wp-content\/uploads\/2020\/02\/2-5-768x523.jpg 768w, https:\/\/www.cordobatimes.com\/showup\/wp-content\/uploads\/2020\/02\/2-5-696x474.jpg 696w\" sizes=\"auto, (max-width: 830px) 100vw, 830px\" \/><\/p>\n<p><img alt=\"\" loading=\"lazy\" decoding=\"async\" class=\"alignnone wp-image-81463 size-full\" src=\"https:\/\/www.cordobatimes.com\/showup\/wp-content\/uploads\/2020\/02\/3-4.jpg\" alt=\"\" width=\"887\" height=\"561\" srcset=\"https:\/\/www.cordobatimes.com\/showup\/wp-content\/uploads\/2020\/02\/3-4.jpg 887w, https:\/\/www.cordobatimes.com\/showup\/wp-content\/uploads\/2020\/02\/3-4-664x420.jpg 664w, https:\/\/www.cordobatimes.com\/showup\/wp-content\/uploads\/2020\/02\/3-4-768x486.jpg 768w, https:\/\/www.cordobatimes.com\/showup\/wp-content\/uploads\/2020\/02\/3-4-696x440.jpg 696w\" sizes=\"auto, (max-width: 887px) 100vw, 887px\" \/><\/p>\n<p><img alt=\"\" loading=\"lazy\" decoding=\"async\" class=\"alignnone wp-image-81464 size-full\" src=\"https:\/\/www.cordobatimes.com\/showup\/wp-content\/uploads\/2020\/02\/4-4.jpg\" alt=\"\" width=\"1037\" height=\"568\" srcset=\"https:\/\/www.cordobatimes.com\/showup\/wp-content\/uploads\/2020\/02\/4-4.jpg 1037w, https:\/\/www.cordobatimes.com\/showup\/wp-content\/uploads\/2020\/02\/4-4-750x411.jpg 750w, https:\/\/www.cordobatimes.com\/showup\/wp-content\/uploads\/2020\/02\/4-4-1024x561.jpg 1024w, https:\/\/www.cordobatimes.com\/showup\/wp-content\/uploads\/2020\/02\/4-4-760x416.jpg 760w, https:\/\/www.cordobatimes.com\/showup\/wp-content\/uploads\/2020\/02\/4-4-768x421.jpg 768w, https:\/\/www.cordobatimes.com\/showup\/wp-content\/uploads\/2020\/02\/4-4-696x381.jpg 696w, https:\/\/www.cordobatimes.com\/showup\/wp-content\/uploads\/2020\/02\/4-4-767x420.jpg 767w\" sizes=\"auto, (max-width: 1037px) 100vw, 1037px\" \/><\/p>\n<p><img alt=\"\" loading=\"lazy\" decoding=\"async\" class=\"alignnone wp-image-81465 size-full\" src=\"https:\/\/www.cordobatimes.com\/showup\/wp-content\/uploads\/2020\/02\/5-2.jpg\" alt=\"\" width=\"878\" height=\"567\" srcset=\"https:\/\/www.cordobatimes.com\/showup\/wp-content\/uploads\/2020\/02\/5-2.jpg 878w, https:\/\/www.cordobatimes.com\/showup\/wp-content\/uploads\/2020\/02\/5-2-650x420.jpg 650w, https:\/\/www.cordobatimes.com\/showup\/wp-content\/uploads\/2020\/02\/5-2-768x496.jpg 768w, https:\/\/www.cordobatimes.com\/showup\/wp-content\/uploads\/2020\/02\/5-2-696x449.jpg 696w\" sizes=\"auto, (max-width: 878px) 100vw, 878px\" \/><\/p>\n","protected":false},"excerpt":{"rendered":"<p>El doble de riesgo de Robert Pattinson fue retratado filmando escenas de la pel\u00edcula. Se filtraron nuevas im\u00e1genes del rodaje de la pr\u00f3xima pel\u00edcula de Batman y en ellas podemos ver c\u00f3mo luce su nuevo traje. El doble de riesgo de Robert Pattinson fue visto grabando una escena en la que conduce el Batcycle (la [&hellip;]<\/p>\n","protected":false},"author":1,"featured_media":81460,"comment_status":"closed","ping_status":"closed","sticky":false,"template":"","format":"standard","meta":{"_seopress_robots_primary_cat":"","_seopress_titles_title":"","_seopress_titles_desc":"","_seopress_robots_index":"","footnotes":""},"categories":[3],"tags":[30096,30095,29676],"class_list":{"0":"post-81459","1":"post","2":"type-post","3":"status-publish","4":"format-standard","5":"has-post-thumbnail","7":"category-cine-y-series","8":"tag-doble-de-riesgo-de-robert-pattinson","9":"tag-imagenes-del-rodaje-de-batman","10":"tag-robert-pattinson-batman"},"_links":{"self":[{"href":"https:\/\/www.cordobatimes.com\/showup\/wp-json\/wp\/v2\/posts\/81459","targetHints":{"allow":["GET"]}}],"collection":[{"href":"https:\/\/www.cordobatimes.com\/showup\/wp-json\/wp\/v2\/posts"}],"about":[{"href":"https:\/\/www.cordobatimes.com\/showup\/wp-json\/wp\/v2\/types\/post"}],"author":[{"embeddable":true,"href":"https:\/\/www.cordobatimes.com\/showup\/wp-json\/wp\/v2\/users\/1"}],"replies":[{"embeddable":true,"href":"https:\/\/www.cordobatimes.com\/showup\/wp-json\/wp\/v2\/comments?post=81459"}],"version-history":[{"count":0,"href":"https:\/\/www.cordobatimes.com\/showup\/wp-json\/wp\/v2\/posts\/81459\/revisions"}],"wp:featuredmedia":[{"embeddable":true,"href":"https:\/\/www.cordobatimes.com\/showup\/wp-json\/wp\/v2\/media\/81460"}],"wp:attachment":[{"href":"https:\/\/www.cordobatimes.com\/showup\/wp-json\/wp\/v2\/media?parent=81459"}],"wp:term":[{"taxonomy":"category","embeddable":true,"href":"https:\/\/www.cordobatimes.com\/showup\/wp-json\/wp\/v2\/categories?post=81459"},{"taxonomy":"post_tag","embeddable":true,"href":"https:\/\/www.cordobatimes.com\/showup\/wp-json\/wp\/v2\/tags?post=81459"}],"curies":[{"name":"wp","href":"https:\/\/api.w.org\/{rel}","templated":true}]}}