{"id":81052,"date":"2020-02-21T11:45:44","date_gmt":"2020-02-21T14:45:44","guid":{"rendered":"https:\/\/www.cordobatimes.com\/showup\/?p=81052"},"modified":"2020-02-21T11:45:44","modified_gmt":"2020-02-21T14:45:44","slug":"oriana-sabatini-presento-su-tema-luna-llena","status":"publish","type":"post","link":"https:\/\/www.cordobatimes.com\/showup\/musica\/2020\/02\/21\/oriana-sabatini-presento-su-tema-luna-llena\/","title":{"rendered":"Oriana Sabatini present\u00f3 su tema, Luna llena"},"content":{"rendered":"<h3>\u00a0<strong>Oriana Sabatini\u00a0 no se toma descanso y vuelve al ruedo con la m\u00fasica, su gran pasi\u00f3n.\u00a0<\/strong><\/h3>\n<p>\u201cLuna llena\u201d, as\u00ed se llama su m\u00e1s reciente creaci\u00f3n -producida por Julio Reyes- que a partir de este viernes se puede disfrutar en todas las plataformas digitales.<\/p>\n<p>En el video -dirigido por Juan Gonzs- se ve a Oriana s\u00faper sensual, osada y con unos looks impresionantes que realzan su belleza y demuestra, una vez m\u00e1s, sus dotes para el canto y el baile.<\/p>\n<p>La nueva \u00eddola pop que rompi\u00f3 r\u00e9cords en todas las plataformas digitales, tanto en Spotify como en YouTube, donde alcanza millones de reproducciones y causa furor en las redes sociales, va por m\u00e1s y apuesta de lleno a su carrera solista que va indiscutiblemente en ascenso. Y para este nuevo lanzamiento volvi\u00f3 a cantar en castellano.<\/p>\n<p>En el \u00faltimo tiempo se present\u00f3 en dos teatros Vorterix; hizo su primer Lollapalooza, se luci\u00f3 como telonera de grandes artistas internacionales de la talla de\u00a0Coldplay, Ariana Grande, y Dua Lipa. Tambi\u00e9n particip\u00f3 en la pel\u00edcula Perdida y fue elegida por importantes marcas para ser la protagonista de sus campa\u00f1as . Y hay m\u00e1s: porque fue nominada como revelaci\u00f3n musical en varios premios nacionales e internacionales (MTV MIAW, Kids Choice Awards y m\u00e1s).<\/p>\n<p><iframe loading=\"lazy\" src=\"https:\/\/www.youtube.com\/embed\/uygge6Gqn_c\" width=\"560\" height=\"315\" frameborder=\"0\" allowfullscreen=\"allowfullscreen\"><span data-mce-type=\"bookmark\" style=\"display: inline-block; width: 0px; overflow: hidden; line-height: 0;\" class=\"mce_SELRES_start\">\ufeff<\/span><\/iframe><\/p>\n","protected":false},"excerpt":{"rendered":"<p>\u00a0Oriana Sabatini\u00a0 no se toma descanso y vuelve al ruedo con la m\u00fasica, su gran pasi\u00f3n.\u00a0 \u201cLuna llena\u201d, as\u00ed se llama su m\u00e1s reciente creaci\u00f3n -producida por Julio Reyes- que a partir de este viernes se puede disfrutar en todas las plataformas digitales. En el video -dirigido por Juan Gonzs- se ve a Oriana s\u00faper [&hellip;]<\/p>\n","protected":false},"author":1,"featured_media":81053,"comment_status":"closed","ping_status":"closed","sticky":false,"template":"","format":"standard","meta":{"_seopress_robots_primary_cat":"","_seopress_titles_title":"","_seopress_titles_desc":"","_seopress_robots_index":"","footnotes":""},"categories":[5],"tags":[29943],"class_list":{"0":"post-81052","1":"post","2":"type-post","3":"status-publish","4":"format-standard","5":"has-post-thumbnail","7":"category-musica","8":"tag-oriana-sabatini-luna-llena"},"_links":{"self":[{"href":"https:\/\/www.cordobatimes.com\/showup\/wp-json\/wp\/v2\/posts\/81052","targetHints":{"allow":["GET"]}}],"collection":[{"href":"https:\/\/www.cordobatimes.com\/showup\/wp-json\/wp\/v2\/posts"}],"about":[{"href":"https:\/\/www.cordobatimes.com\/showup\/wp-json\/wp\/v2\/types\/post"}],"author":[{"embeddable":true,"href":"https:\/\/www.cordobatimes.com\/showup\/wp-json\/wp\/v2\/users\/1"}],"replies":[{"embeddable":true,"href":"https:\/\/www.cordobatimes.com\/showup\/wp-json\/wp\/v2\/comments?post=81052"}],"version-history":[{"count":0,"href":"https:\/\/www.cordobatimes.com\/showup\/wp-json\/wp\/v2\/posts\/81052\/revisions"}],"wp:featuredmedia":[{"embeddable":true,"href":"https:\/\/www.cordobatimes.com\/showup\/wp-json\/wp\/v2\/media\/81053"}],"wp:attachment":[{"href":"https:\/\/www.cordobatimes.com\/showup\/wp-json\/wp\/v2\/media?parent=81052"}],"wp:term":[{"taxonomy":"category","embeddable":true,"href":"https:\/\/www.cordobatimes.com\/showup\/wp-json\/wp\/v2\/categories?post=81052"},{"taxonomy":"post_tag","embeddable":true,"href":"https:\/\/www.cordobatimes.com\/showup\/wp-json\/wp\/v2\/tags?post=81052"}],"curies":[{"name":"wp","href":"https:\/\/api.w.org\/{rel}","templated":true}]}}