{"id":81049,"date":"2020-02-21T11:28:27","date_gmt":"2020-02-21T14:28:27","guid":{"rendered":"https:\/\/www.cordobatimes.com\/showup\/?p=81049"},"modified":"2020-02-21T11:28:27","modified_gmt":"2020-02-21T14:28:27","slug":"tras-el-escandalo-jimena-baron-estreno-el-video-de-la-cancion-puta","status":"publish","type":"post","link":"https:\/\/www.cordobatimes.com\/showup\/musica\/2020\/02\/21\/tras-el-escandalo-jimena-baron-estreno-el-video-de-la-cancion-puta\/","title":{"rendered":"Tras el esc\u00e1ndalo Jimena Bar\u00f3n estren\u00f3 el video de la canci\u00f3n \u00abPuta\u00bb"},"content":{"rendered":"<h3><strong>La cantante comparti\u00f3 el clip de \u201cPuta\u201d, el tema cuya promoci\u00f3n gener\u00f3 una ola de cr\u00edticas.<\/strong><\/h3>\n<p>Cuando semanas atr\u00e1s\u00a0Jimena Bar\u00f3n\u00a0comenz\u00f3 la promoci\u00f3n de su nuevo tema llamado \u201cPuta\u201d se desat\u00f3 una verdadera pol\u00e9mica ya que la cantante pos\u00f3 en un cartel similar al que se usa en los servicios de prostituci\u00f3n.<\/p>\n<p>En medio de las cr\u00edticas y el intenso debate instalado tanto en los medios como en las redes, Jimena debi\u00f3 solicitar ayuda psicol\u00f3gica y suspender sus shows debido a c\u00f3mo la hab\u00edan afectado los comentarios negativos.<\/p>\n<p>Finalmente, despu\u00e9s de las\u00a0disculpas p\u00fablicas de Bar\u00f3n, se estren\u00f3 el video de la canci\u00f3n, donde se la ve a Jimena rodeada de otras mujeres, bailando sensual y con pases de comedia, sin importar las cr\u00edticas y la mirada ajena.<\/p>\n<p><iframe loading=\"lazy\" src=\"https:\/\/www.youtube.com\/embed\/Q28fWCworFo\" width=\"560\" height=\"315\" frameborder=\"0\" allowfullscreen=\"allowfullscreen\"><\/iframe><\/p>\n<p>La cantante escribi\u00f3 un posteo al compartir el video: \u201cPara todos y todas los que nos dijeron puta intentando hacernos sentir mal. Para los y las que quieren sacarnos la honra de ser como elegimos ser. Ojal\u00e1 esta canci\u00f3n te haga sentir mejor y te olvides de esa gente\u201d.<\/p>\n<p>\u201cOjal\u00e1 vivas para vos como vos elijas. Ojal\u00e1 te seas fiel. Les regalo Puta desde lo m\u00e1s hondo de mi coraz\u00f3n para que se sientan m\u00e1s libres y se animen a ser la versi\u00f3n de ustedes mismas que quieran ser. Para que no les afecte la mierda de los dem\u00e1s. Los y las que intentaron insultarnos, se pueden meter el insulto en el qlo porque estamos orgullosas y ahora encima te lo cantamos\u201d, cerr\u00f3 Jimena, a modo de presentaci\u00f3n del tema.<\/p>\n<blockquote class=\"instagram-media\" style=\"background: #FFF; border: 0; border-radius: 3px; box-shadow: 0 0 1px 0 rgba(0,0,0,0.5),0 1px 10px 0 rgba(0,0,0,0.15); margin: 1px; max-width: 540px; min-width: 326px; padding: 0; width: calc(100% - 2px);\" data-instgrm-captioned=\"\" data-instgrm-permalink=\"https:\/\/www.instagram.com\/p\/B80DlIwAaYx\/?utm_source=ig_embed&amp;utm_campaign=loading\" data-instgrm-version=\"12\">\n<div style=\"padding: 16px;\">\n<p>&nbsp;<\/p>\n<div style=\"display: flex; flex-direction: row; align-items: center;\">\n<div style=\"background-color: #f4f4f4; border-radius: 50%; flex-grow: 0; height: 40px; margin-right: 14px; width: 40px;\"><\/div>\n<div style=\"display: flex; flex-direction: column; flex-grow: 1; justify-content: center;\">\n<div style=\"background-color: #f4f4f4; border-radius: 4px; flex-grow: 0; height: 14px; margin-bottom: 6px; width: 100px;\"><\/div>\n<div style=\"background-color: #f4f4f4; border-radius: 4px; flex-grow: 0; height: 14px; width: 60px;\"><\/div>\n<\/div>\n<\/div>\n<div style=\"padding: 19% 0;\"><\/div>\n<div style=\"display: block; height: 50px; margin: 0 auto 12px; width: 50px;\"><\/div>\n<div style=\"padding-top: 8px;\">\n<div style=\"color: #3897f0; font-family: Arial,sans-serif; font-size: 14px; font-style: normal; font-weight: 550; line-height: 18px;\">Ver esta publicaci\u00f3n en Instagram<\/div>\n<\/div>\n<div style=\"padding: 12.5% 0;\"><\/div>\n<div style=\"display: flex; flex-direction: row; margin-bottom: 14px; align-items: center;\">\n<div>\n<div style=\"background-color: #f4f4f4; border-radius: 50%; height: 12.5px; width: 12.5px; transform: translateX(0px) translateY(7px);\"><\/div>\n<div style=\"background-color: #f4f4f4; height: 12.5px; transform: rotate(-45deg) translateX(3px) translateY(1px); width: 12.5px; flex-grow: 0; margin-right: 14px; margin-left: 2px;\"><\/div>\n<div style=\"background-color: #f4f4f4; border-radius: 50%; height: 12.5px; width: 12.5px; transform: translateX(9px) translateY(-18px);\"><\/div>\n<\/div>\n<div style=\"margin-left: 8px;\">\n<div style=\"background-color: #f4f4f4; border-radius: 50%; flex-grow: 0; height: 20px; width: 20px;\"><\/div>\n<div style=\"width: 0; height: 0; border-top: 2px solid transparent; border-left: 6px solid #f4f4f4; border-bottom: 2px solid transparent; transform: translateX(16px) translateY(-4px) rotate(30deg);\"><\/div>\n<\/div>\n<div style=\"margin-left: auto;\">\n<div style=\"width: 0px; border-top: 8px solid #F4F4F4; border-right: 8px solid transparent; transform: translateY(16px);\"><\/div>\n<div style=\"background-color: #f4f4f4; flex-grow: 0; height: 12px; width: 16px; transform: translateY(-4px);\"><\/div>\n<div style=\"width: 0; height: 0; border-top: 8px solid #F4F4F4; border-left: 8px solid transparent; transform: translateY(-4px) translateX(8px);\"><\/div>\n<\/div>\n<\/div>\n<p>&nbsp;<\/p>\n<p style=\"margin: 8px 0 0 0; padding: 0 4px;\"><a style=\"color: #000; font-family: Arial,sans-serif; font-size: 14px; font-style: normal; font-weight: normal; line-height: 17px; text-decoration: none; word-wrap: break-word;\" href=\"https:\/\/www.instagram.com\/p\/B80DlIwAaYx\/?utm_source=ig_embed&amp;utm_campaign=loading\" target=\"_blank\" rel=\"noopener noreferrer\">Para todos y todas los que nos dijeron puta intentando hacernos sentir mal. Para los y las que quieren sacarnos la honra de ser como elegimos ser. Ojal\u00e1 esta canci\u00f3n te haga sentir mejor y te olvides de esa gente. Ojal\u00e1 vivas para vos como vos elijas. Ojal\u00e1 te seas fiel. Les regalo Puta desde lo m\u00e1s hondo de mi coraz\u00f3n para que se sientan m\u00e1s libres y se animen a ser la versi\u00f3n de ustedes mismas que quieran ser. Para que no les afecte la mierda de los dem\u00e1s. Los y las que intentaron insultarnos, se pueden meter el insulto en el qlo porque estamos orgullosas y ahora encima te lo cantamos. XOXO Puta.<\/a><\/p>\n<p style=\"color: #c9c8cd; font-family: Arial,sans-serif; font-size: 14px; line-height: 17px; margin-bottom: 0; margin-top: 8px; overflow: hidden; padding: 8px 0 7px; text-align: center; text-overflow: ellipsis; white-space: nowrap;\">Una publicaci\u00f3n compartida de <a style=\"color: #c9c8cd; font-family: Arial,sans-serif; font-size: 14px; font-style: normal; font-weight: normal; line-height: 17px;\" href=\"https:\/\/www.instagram.com\/jmena\/?utm_source=ig_embed&amp;utm_campaign=loading\" target=\"_blank\" rel=\"noopener noreferrer\"> J MENA<\/a> (@jmena) el <time style=\"font-family: Arial,sans-serif; font-size: 14px; line-height: 17px;\" datetime=\"2020-02-21T03:11:41+00:00\">20 Feb, 2020 a las 7:11 PST<\/time><\/p>\n<\/div>\n<\/blockquote>\n<p><script async src=\"\/\/www.instagram.com\/embed.js\"><\/script><\/p>\n<p><iframe loading=\"lazy\" src=\"https:\/\/www.youtube.com\/embed\/XfHlgN3IwPg\" width=\"560\" height=\"315\" frameborder=\"0\" allowfullscreen=\"allowfullscreen\"><\/iframe><\/p>\n","protected":false},"excerpt":{"rendered":"<p>La cantante comparti\u00f3 el clip de \u201cPuta\u201d, el tema cuya promoci\u00f3n gener\u00f3 una ola de cr\u00edticas. Cuando semanas atr\u00e1s\u00a0Jimena Bar\u00f3n\u00a0comenz\u00f3 la promoci\u00f3n de su nuevo tema llamado \u201cPuta\u201d se desat\u00f3 una verdadera pol\u00e9mica ya que la cantante pos\u00f3 en un cartel similar al que se usa en los servicios de prostituci\u00f3n. En medio de las [&hellip;]<\/p>\n","protected":false},"author":1,"featured_media":81050,"comment_status":"closed","ping_status":"closed","sticky":false,"template":"","format":"standard","meta":{"_seopress_robots_primary_cat":"","_seopress_titles_title":"","_seopress_titles_desc":"","_seopress_robots_index":"","footnotes":""},"categories":[5],"tags":[29942,29941],"class_list":{"0":"post-81049","1":"post","2":"type-post","3":"status-publish","4":"format-standard","5":"has-post-thumbnail","7":"category-musica","8":"tag-jimena-baron-puta","9":"tag-jimena-baron-estreno-el-video-de-la-cancion-puta"},"_links":{"self":[{"href":"https:\/\/www.cordobatimes.com\/showup\/wp-json\/wp\/v2\/posts\/81049","targetHints":{"allow":["GET"]}}],"collection":[{"href":"https:\/\/www.cordobatimes.com\/showup\/wp-json\/wp\/v2\/posts"}],"about":[{"href":"https:\/\/www.cordobatimes.com\/showup\/wp-json\/wp\/v2\/types\/post"}],"author":[{"embeddable":true,"href":"https:\/\/www.cordobatimes.com\/showup\/wp-json\/wp\/v2\/users\/1"}],"replies":[{"embeddable":true,"href":"https:\/\/www.cordobatimes.com\/showup\/wp-json\/wp\/v2\/comments?post=81049"}],"version-history":[{"count":0,"href":"https:\/\/www.cordobatimes.com\/showup\/wp-json\/wp\/v2\/posts\/81049\/revisions"}],"wp:featuredmedia":[{"embeddable":true,"href":"https:\/\/www.cordobatimes.com\/showup\/wp-json\/wp\/v2\/media\/81050"}],"wp:attachment":[{"href":"https:\/\/www.cordobatimes.com\/showup\/wp-json\/wp\/v2\/media?parent=81049"}],"wp:term":[{"taxonomy":"category","embeddable":true,"href":"https:\/\/www.cordobatimes.com\/showup\/wp-json\/wp\/v2\/categories?post=81049"},{"taxonomy":"post_tag","embeddable":true,"href":"https:\/\/www.cordobatimes.com\/showup\/wp-json\/wp\/v2\/tags?post=81049"}],"curies":[{"name":"wp","href":"https:\/\/api.w.org\/{rel}","templated":true}]}}