{"id":8071,"date":"2014-01-06T17:23:22","date_gmt":"2014-01-06T20:23:22","guid":{"rendered":"http:\/\/cordobatimes.com\/showup\/?p=8071"},"modified":"2019-12-07T15:56:05","modified_gmt":"2019-12-07T18:56:05","slug":"the-year-punk-broke-nirvana-antes-del-fin-videos","status":"publish","type":"post","link":"https:\/\/www.cordobatimes.com\/showup\/musica\/2014\/01\/06\/the-year-punk-broke-nirvana-antes-del-fin-videos\/","title":{"rendered":"&#8216;The Year Punk Broke&#8217;: Nirvana antes del fin (v\u00eddeos)"},"content":{"rendered":"<h3 style=\"text-align: justify;\"><strong>El director del documental\u00a0<em>1991: The Year Punk Broke,<\/em>\u00a0Dave Markey subi\u00f3 a su cuenta de YouTube un v\u00eddeo in\u00e9dito del concierto de Nirvana\u00a0en el Forum de Inglewood de Los \u00c1ngeles.<\/strong><\/h3>\n<p style=\"text-align: justify;\">Sobre las im\u00e1genes tomadas 20 a\u00f1os atr\u00e1s, Markey dijo: \u00ab<em>El\u00a030 de diciembre de 1993 estaba en el lateral del escenario de Kurt en el Forum de mi ciudad natal de Los \u00c1ngeles y captur\u00e9 el \u00faltimo set que llegu\u00e9 a ver de esta banda. Una banda con la que hab\u00eda trabajado, salido de gira; gente a la que pod\u00eda\u00a0<strong>llamar mis amigos<\/strong>. Una banda que tanto el mundo como yo adoraba (no puedo decir que esto haya vuelto a pasar desde entonces). En unos pocos meses tristemente todo habr\u00eda terminado. Comparto algunas canciones aqu\u00ed; un par de covers (<strong>\u00abJesus\u00bb<\/strong>\u00a0de Vaselines y\u00a0<strong>\u00abMan Who Sold The World\u00bb\u00a0<\/strong>de Bowie) y\u00a0<strong>\u00abAll Apologies\u00bb<\/strong>. Me alegra haber documentado este concierto igual que su diversi\u00f3n pre-fama de 1991<\/em>\u00ab, record\u00f3.<\/p>\n<p><iframe loading=\"lazy\" src=\"\/\/www.youtube.com\/embed\/Nz-EKZhhBV8?feature=player_detailpage\" width=\"640\" height=\"360\" frameborder=\"0\" allowfullscreen=\"allowfullscreen\"><\/iframe><\/p>\n<p><iframe loading=\"lazy\" src=\"\/\/www.youtube.com\/embed\/PCzOZ551n6w?feature=player_detailpage\" width=\"640\" height=\"360\" frameborder=\"0\" allowfullscreen=\"allowfullscreen\"><\/iframe><\/p>\n","protected":false},"excerpt":{"rendered":"<p>El director del documental\u00a01991: The Year Punk Broke,\u00a0Dave Markey subi\u00f3 a su cuenta de YouTube un v\u00eddeo in\u00e9dito del concierto de Nirvana\u00a0en el Forum de Inglewood de Los \u00c1ngeles. Sobre las im\u00e1genes tomadas 20 a\u00f1os atr\u00e1s, Markey dijo: \u00abEl\u00a030 de diciembre de 1993 estaba en el lateral del escenario de Kurt en el Forum de [&hellip;]<\/p>\n","protected":false},"author":1,"featured_media":8085,"comment_status":"closed","ping_status":"closed","sticky":false,"template":"","format":"standard","meta":{"_seopress_robots_primary_cat":"","_seopress_titles_title":"","_seopress_titles_desc":"","_seopress_robots_index":"","footnotes":""},"categories":[5],"tags":[26778,26780,26779],"class_list":{"0":"post-8071","1":"post","2":"type-post","3":"status-publish","4":"format-standard","5":"has-post-thumbnail","7":"category-musica","8":"tag-1991-the-year-punk-broke","9":"tag-concierto-de-nirvana-en-el-forum-de-inglewood-de-los-angeles","10":"tag-dave-markey"},"_links":{"self":[{"href":"https:\/\/www.cordobatimes.com\/showup\/wp-json\/wp\/v2\/posts\/8071","targetHints":{"allow":["GET"]}}],"collection":[{"href":"https:\/\/www.cordobatimes.com\/showup\/wp-json\/wp\/v2\/posts"}],"about":[{"href":"https:\/\/www.cordobatimes.com\/showup\/wp-json\/wp\/v2\/types\/post"}],"author":[{"embeddable":true,"href":"https:\/\/www.cordobatimes.com\/showup\/wp-json\/wp\/v2\/users\/1"}],"replies":[{"embeddable":true,"href":"https:\/\/www.cordobatimes.com\/showup\/wp-json\/wp\/v2\/comments?post=8071"}],"version-history":[{"count":0,"href":"https:\/\/www.cordobatimes.com\/showup\/wp-json\/wp\/v2\/posts\/8071\/revisions"}],"wp:featuredmedia":[{"embeddable":true,"href":"https:\/\/www.cordobatimes.com\/showup\/wp-json\/wp\/v2\/media\/8085"}],"wp:attachment":[{"href":"https:\/\/www.cordobatimes.com\/showup\/wp-json\/wp\/v2\/media?parent=8071"}],"wp:term":[{"taxonomy":"category","embeddable":true,"href":"https:\/\/www.cordobatimes.com\/showup\/wp-json\/wp\/v2\/categories?post=8071"},{"taxonomy":"post_tag","embeddable":true,"href":"https:\/\/www.cordobatimes.com\/showup\/wp-json\/wp\/v2\/tags?post=8071"}],"curies":[{"name":"wp","href":"https:\/\/api.w.org\/{rel}","templated":true}]}}