{"id":8047,"date":"2014-01-06T16:35:04","date_gmt":"2014-01-06T19:35:04","guid":{"rendered":"http:\/\/cordobatimes.com\/showup\/?p=8047"},"modified":"2019-12-07T16:07:38","modified_gmt":"2019-12-07T19:07:38","slug":"no-te-va-a-gustar-anuncio-la-presentacion-de-una-pelicula","status":"publish","type":"post","link":"https:\/\/www.cordobatimes.com\/showup\/musica\/2014\/01\/06\/no-te-va-a-gustar-anuncio-la-presentacion-de-una-pelicula\/","title":{"rendered":"No Te Va a Gustar anunci\u00f3 la presentaci\u00f3n de una pel\u00edcula"},"content":{"rendered":"<h3 style=\"text-align: justify;\"><strong>Los uruguayos recopilar\u00e1n el tour que les llev\u00f3 m\u00e1s de un a\u00f1o en una pel\u00edcula. Se presentar\u00e1n en La Plata el 15 de marzo.<\/strong><\/h3>\n<p style=\"text-align: justify;\">No Te Va Gustar registr\u00f3 la grabaci\u00f3n y la gira de presentaci\u00f3n de su \u00faltimo trabajo El calor del pleno invierno con la intenci\u00f3n de recopilar todo en una pel\u00edcula.<\/p>\n<p style=\"text-align: justify;\">A m\u00e1s de un a\u00f1o de la salida del exitoso disco, NTVG present\u00f3 el t\u00edtulo del proyecto El verano siguiente dirigido por Gabriel Nicoli que se estrena en marzo.<\/p>\n<p style=\"text-align: justify;\">La formaci\u00f3n de Uruguay cerrar\u00e1 su gira en el Estadio \u00danico de La Plata, el s\u00e1bado 15 de marzo.<\/p>\n<p><iframe loading=\"lazy\" src=\"\/\/www.youtube.com\/embed\/YGAp8F-SAkc?feature=player_detailpage\" width=\"640\" height=\"360\" frameborder=\"0\" allowfullscreen=\"allowfullscreen\"><\/iframe><\/p>\n","protected":false},"excerpt":{"rendered":"<p>Los uruguayos recopilar\u00e1n el tour que les llev\u00f3 m\u00e1s de un a\u00f1o en una pel\u00edcula. Se presentar\u00e1n en La Plata el 15 de marzo. No Te Va Gustar registr\u00f3 la grabaci\u00f3n y la gira de presentaci\u00f3n de su \u00faltimo trabajo El calor del pleno invierno con la intenci\u00f3n de recopilar todo en una pel\u00edcula. A [&hellip;]<\/p>\n","protected":false},"author":1,"featured_media":8061,"comment_status":"closed","ping_status":"closed","sticky":false,"template":"","format":"standard","meta":{"_seopress_robots_primary_cat":"","_seopress_titles_title":"","_seopress_titles_desc":"","_seopress_robots_index":"","footnotes":""},"categories":[5],"tags":[26782,26783],"class_list":{"0":"post-8047","1":"post","2":"type-post","3":"status-publish","4":"format-standard","5":"has-post-thumbnail","7":"category-musica","8":"tag-no-te-va-a-gustar-pelicula","9":"tag-no-te-va-gustar-el-calor-del-pleno-invierno"},"_links":{"self":[{"href":"https:\/\/www.cordobatimes.com\/showup\/wp-json\/wp\/v2\/posts\/8047","targetHints":{"allow":["GET"]}}],"collection":[{"href":"https:\/\/www.cordobatimes.com\/showup\/wp-json\/wp\/v2\/posts"}],"about":[{"href":"https:\/\/www.cordobatimes.com\/showup\/wp-json\/wp\/v2\/types\/post"}],"author":[{"embeddable":true,"href":"https:\/\/www.cordobatimes.com\/showup\/wp-json\/wp\/v2\/users\/1"}],"replies":[{"embeddable":true,"href":"https:\/\/www.cordobatimes.com\/showup\/wp-json\/wp\/v2\/comments?post=8047"}],"version-history":[{"count":0,"href":"https:\/\/www.cordobatimes.com\/showup\/wp-json\/wp\/v2\/posts\/8047\/revisions"}],"wp:featuredmedia":[{"embeddable":true,"href":"https:\/\/www.cordobatimes.com\/showup\/wp-json\/wp\/v2\/media\/8061"}],"wp:attachment":[{"href":"https:\/\/www.cordobatimes.com\/showup\/wp-json\/wp\/v2\/media?parent=8047"}],"wp:term":[{"taxonomy":"category","embeddable":true,"href":"https:\/\/www.cordobatimes.com\/showup\/wp-json\/wp\/v2\/categories?post=8047"},{"taxonomy":"post_tag","embeddable":true,"href":"https:\/\/www.cordobatimes.com\/showup\/wp-json\/wp\/v2\/tags?post=8047"}],"curies":[{"name":"wp","href":"https:\/\/api.w.org\/{rel}","templated":true}]}}