{"id":80355,"date":"2020-02-17T11:57:22","date_gmt":"2020-02-17T14:57:22","guid":{"rendered":"https:\/\/www.cordobatimes.com\/showup\/?p=80355"},"modified":"2020-02-17T11:57:22","modified_gmt":"2020-02-17T14:57:22","slug":"se-cancela-la-premiere-de-james-bond-sin-tiempo-para-morir-en-china-por-el-coronavirus","status":"publish","type":"post","link":"https:\/\/www.cordobatimes.com\/showup\/cine-y-series\/2020\/02\/17\/se-cancela-la-premiere-de-james-bond-sin-tiempo-para-morir-en-china-por-el-coronavirus\/","title":{"rendered":"Se cancela la premiere de \u00abJames Bond: Sin tiempo para morir\u00bb en China Por el coronavirus"},"content":{"rendered":"<h3><strong>Malas noticias para los fans chinos del agente 007.<\/strong><\/h3>\n<p>La gira mundial de premieres de James Bond: Sin tiempo para morir, vig\u00e9simo quinta entrega de las aventuras del Agente 007, no llegar\u00e1 a China en abril pr\u00f3ximo, tal como estaba previsto, debido a la epidemia del coronavirus.<\/p>\n<p>A causa de \u00abla incertidumbre que rodea la evoluci\u00f3n de la epidemia\u00bb, que ostenta 1.770 muertos y 70.548 afectados en China, el nuevo filme del esp\u00eda, dirigido por Cary Joji Fukunaga y protagonizado por\u00a0Daniel Craig\u00a0no tendr\u00e1 actividad promocional en la naci\u00f3n asi\u00e1tica, inform\u00f3 Europa Press, citando al sitio de noticias del espect\u00e1culo\u00a0Deadline.<\/p>\n<p>La ausencia de la nueva pel\u00edcula de Bond no es la primera consecuencia directa del virus sobre la industria del entretenimiento de China, el segundo mercado cinematogr\u00e1fico m\u00e1s grande del mundo, ya que, actualmente, all\u00ed la mayor parte de las salas de cines permanece cerrada de manera indefinida<\/p>\n<p><iframe loading=\"lazy\" src=\"https:\/\/api.vodgc.net\/player\/v2\/embed\/playerId\/1FMX3V1500998386\/contentId\/886929#amp=1\" width=\"650\" height=\"390\" frameborder=\"0\" scrolling=\"no\" allowfullscreen=\"allowfullscreen\"><\/iframe><\/p>\n","protected":false},"excerpt":{"rendered":"<p>Malas noticias para los fans chinos del agente 007. La gira mundial de premieres de James Bond: Sin tiempo para morir, vig\u00e9simo quinta entrega de las aventuras del Agente 007, no llegar\u00e1 a China en abril pr\u00f3ximo, tal como estaba previsto, debido a la epidemia del coronavirus. A causa de \u00abla incertidumbre que rodea la [&hellip;]<\/p>\n","protected":false},"author":1,"featured_media":80356,"comment_status":"closed","ping_status":"closed","sticky":false,"template":"","format":"standard","meta":{"_seopress_robots_primary_cat":"","_seopress_titles_title":"","_seopress_titles_desc":"","_seopress_robots_index":"","footnotes":""},"categories":[3],"tags":[29765,29763,29764],"class_list":{"0":"post-80355","1":"post","2":"type-post","3":"status-publish","4":"format-standard","5":"has-post-thumbnail","7":"category-cine-y-series","8":"tag-pelicula-james-bond-sin-tiempo-para-morir","9":"tag-premiere-de-james-bond-sin-tiempo-para-morir-en-china","10":"tag-premiere-de-james-bond-sin-tiempo-para-morircoronavirus"},"_links":{"self":[{"href":"https:\/\/www.cordobatimes.com\/showup\/wp-json\/wp\/v2\/posts\/80355","targetHints":{"allow":["GET"]}}],"collection":[{"href":"https:\/\/www.cordobatimes.com\/showup\/wp-json\/wp\/v2\/posts"}],"about":[{"href":"https:\/\/www.cordobatimes.com\/showup\/wp-json\/wp\/v2\/types\/post"}],"author":[{"embeddable":true,"href":"https:\/\/www.cordobatimes.com\/showup\/wp-json\/wp\/v2\/users\/1"}],"replies":[{"embeddable":true,"href":"https:\/\/www.cordobatimes.com\/showup\/wp-json\/wp\/v2\/comments?post=80355"}],"version-history":[{"count":0,"href":"https:\/\/www.cordobatimes.com\/showup\/wp-json\/wp\/v2\/posts\/80355\/revisions"}],"wp:featuredmedia":[{"embeddable":true,"href":"https:\/\/www.cordobatimes.com\/showup\/wp-json\/wp\/v2\/media\/80356"}],"wp:attachment":[{"href":"https:\/\/www.cordobatimes.com\/showup\/wp-json\/wp\/v2\/media?parent=80355"}],"wp:term":[{"taxonomy":"category","embeddable":true,"href":"https:\/\/www.cordobatimes.com\/showup\/wp-json\/wp\/v2\/categories?post=80355"},{"taxonomy":"post_tag","embeddable":true,"href":"https:\/\/www.cordobatimes.com\/showup\/wp-json\/wp\/v2\/tags?post=80355"}],"curies":[{"name":"wp","href":"https:\/\/api.w.org\/{rel}","templated":true}]}}