{"id":79978,"date":"2020-02-14T11:05:10","date_gmt":"2020-02-14T14:05:10","guid":{"rendered":"https:\/\/www.cordobatimes.com\/showup\/?p=79978"},"modified":"2020-02-14T11:05:10","modified_gmt":"2020-02-14T14:05:10","slug":"las-primeras-imagenes-de-robert-pattinson-en-el-personaje-de-batman","status":"publish","type":"post","link":"https:\/\/www.cordobatimes.com\/showup\/cine-y-series\/2020\/02\/14\/las-primeras-imagenes-de-robert-pattinson-en-el-personaje-de-batman\/","title":{"rendered":"Las primeras im\u00e1genes de Robert Pattinson en el personaje de Batman"},"content":{"rendered":"<h3><strong>El director de la\u00a0 pel\u00edcula comparti\u00f3 un video como adelanto.\u00a0<\/strong><\/h3>\n<p>Entre los fans de DC, hay mucha expectativa por ver la pr\u00f3xima pel\u00edcula de Batman. El film estar\u00e1 dirigido por Matt Reeves y el Caballero Oscuro ser\u00e1 interpretado por Robert Pattinson, quien ya levant\u00f3 pol\u00e9mica con sus declaraciones sobre el personaje.<\/p>\n<p>Ahora, el director comparti\u00f3 nuevas im\u00e1genes de una prueba de video que funcionan como adelanto de lo que se ver\u00e1. En los segundos de filmaci\u00f3n, se puede ver el primer atisbo de Pattinson caracterizado y del traje. Con luces rojas y m\u00fasica acorde al universo de Batman, el video explot\u00f3 en las redes.<\/p>\n<blockquote class=\"twitter-tweet\" data-lang=\"es\">\n<p dir=\"ltr\" lang=\"und\"><a href=\"https:\/\/twitter.com\/hashtag\/TheBatman?src=hash&amp;ref_src=twsrc%5Etfw\">#TheBatman<\/a><a href=\"https:\/\/twitter.com\/hashtag\/CameraTest?src=hash&amp;ref_src=twsrc%5Etfw\">#CameraTest<\/a><a href=\"https:\/\/t.co\/M1tAE2aTA1\">https:\/\/t.co\/M1tAE2aTA1<\/a><\/p>\n<p>\u2014 Matt Reeves (@mattreevesLA) <a href=\"https:\/\/twitter.com\/mattreevesLA\/status\/1228093055103881216?ref_src=twsrc%5Etfw\">13 de febrero de 2020<\/a><\/p><\/blockquote>\n<p><script async src=\"https:\/\/platform.twitter.com\/widgets.js\" charset=\"utf-8\"><\/script><\/p>\n<p>Otros actores confirmados para la pel\u00edcula son Zoe Kravitz como Gat\u00fabela, Colin Farrell como El Ping\u00fcino y Andy Serkis como Alfred Pennyworth.<\/p>\n","protected":false},"excerpt":{"rendered":"<p>El director de la\u00a0 pel\u00edcula comparti\u00f3 un video como adelanto.\u00a0 Entre los fans de DC, hay mucha expectativa por ver la pr\u00f3xima pel\u00edcula de Batman. El film estar\u00e1 dirigido por Matt Reeves y el Caballero Oscuro ser\u00e1 interpretado por Robert Pattinson, quien ya levant\u00f3 pol\u00e9mica con sus declaraciones sobre el personaje. Ahora, el director comparti\u00f3 [&hellip;]<\/p>\n","protected":false},"author":1,"featured_media":79979,"comment_status":"closed","ping_status":"closed","sticky":false,"template":"","format":"standard","meta":{"_seopress_robots_primary_cat":"","_seopress_titles_title":"","_seopress_titles_desc":"","_seopress_robots_index":"","footnotes":""},"categories":[3],"tags":[29674,29676,29675],"class_list":{"0":"post-79978","1":"post","2":"type-post","3":"status-publish","4":"format-standard","5":"has-post-thumbnail","7":"category-cine-y-series","8":"tag-imagenes-de-robert-pattinson-en-el-personaje-de-batman","9":"tag-robert-pattinson-batman","10":"tag-robert-pattinson-en-el-personaje-de-batman"},"_links":{"self":[{"href":"https:\/\/www.cordobatimes.com\/showup\/wp-json\/wp\/v2\/posts\/79978","targetHints":{"allow":["GET"]}}],"collection":[{"href":"https:\/\/www.cordobatimes.com\/showup\/wp-json\/wp\/v2\/posts"}],"about":[{"href":"https:\/\/www.cordobatimes.com\/showup\/wp-json\/wp\/v2\/types\/post"}],"author":[{"embeddable":true,"href":"https:\/\/www.cordobatimes.com\/showup\/wp-json\/wp\/v2\/users\/1"}],"replies":[{"embeddable":true,"href":"https:\/\/www.cordobatimes.com\/showup\/wp-json\/wp\/v2\/comments?post=79978"}],"version-history":[{"count":0,"href":"https:\/\/www.cordobatimes.com\/showup\/wp-json\/wp\/v2\/posts\/79978\/revisions"}],"wp:featuredmedia":[{"embeddable":true,"href":"https:\/\/www.cordobatimes.com\/showup\/wp-json\/wp\/v2\/media\/79979"}],"wp:attachment":[{"href":"https:\/\/www.cordobatimes.com\/showup\/wp-json\/wp\/v2\/media?parent=79978"}],"wp:term":[{"taxonomy":"category","embeddable":true,"href":"https:\/\/www.cordobatimes.com\/showup\/wp-json\/wp\/v2\/categories?post=79978"},{"taxonomy":"post_tag","embeddable":true,"href":"https:\/\/www.cordobatimes.com\/showup\/wp-json\/wp\/v2\/tags?post=79978"}],"curies":[{"name":"wp","href":"https:\/\/api.w.org\/{rel}","templated":true}]}}