{"id":79920,"date":"2020-02-13T11:42:42","date_gmt":"2020-02-13T14:42:42","guid":{"rendered":"https:\/\/www.cordobatimes.com\/showup\/?p=79920"},"modified":"2020-02-13T11:42:42","modified_gmt":"2020-02-13T14:42:42","slug":"este-viernes-justin-bieber-lanza-su-nuevo-album-de-estudio","status":"publish","type":"post","link":"https:\/\/www.cordobatimes.com\/showup\/musica\/2020\/02\/13\/este-viernes-justin-bieber-lanza-su-nuevo-album-de-estudio\/","title":{"rendered":"Este viernes Justin Bieber lanza su nuevo \u00e1lbum de estudio"},"content":{"rendered":"<h3><strong>Se trata de Changes, quinto \u00e1lbum de estudio del cantante.<\/strong><\/h3>\n<p>El astro pop canadiense Justin Bieber lanzar\u00e1 este viernes, en el marco del D\u00eda de San Valent\u00edn, su nuevo trabajo discogr\u00e1fico, Changes,quinto \u00e1lbum de estudio del cantante y compositor que comenz\u00f3 como youtuber y salt\u00f3 luego a las grandes ligas del negocio de la m\u00fasica internacional.<\/p>\n<p>Bieber edit\u00f3\u00a0Changes, en cuya portada aparece con el torso desnudo, de perfil y mostrando sus tatuajes, casi cinco a\u00f1os despu\u00e9s de haber lanzado al mercado su \u00faltimo registro,\u00a0Purpouse, en noviembre de 2015.<\/p>\n<p><img alt=\"\" loading=\"lazy\" decoding=\"async\" class=\"alignnone wp-image-79922 size-full\" src=\"https:\/\/www.cordobatimes.com\/showup\/wp-content\/uploads\/2020\/02\/justinbieber_84561322_2589017807989800_8868437490947605507_n.jpg\" alt=\"\" width=\"999\" height=\"999\" srcset=\"https:\/\/www.cordobatimes.com\/showup\/wp-content\/uploads\/2020\/02\/justinbieber_84561322_2589017807989800_8868437490947605507_n.jpg 999w, https:\/\/www.cordobatimes.com\/showup\/wp-content\/uploads\/2020\/02\/justinbieber_84561322_2589017807989800_8868437490947605507_n-420x420.jpg 420w, https:\/\/www.cordobatimes.com\/showup\/wp-content\/uploads\/2020\/02\/justinbieber_84561322_2589017807989800_8868437490947605507_n-768x768.jpg 768w, https:\/\/www.cordobatimes.com\/showup\/wp-content\/uploads\/2020\/02\/justinbieber_84561322_2589017807989800_8868437490947605507_n-696x696.jpg 696w\" sizes=\"auto, (max-width: 999px) 100vw, 999px\" \/><\/p>\n<p>Bieber realiz\u00f3 un adelanto de dos temas de \u00abChanges\u00bb este s\u00e1bado en el show televisivo ?Saturday Night Live?, y dos meses despu\u00e9s del lanzamiento, el 14 de mayo, iniciar\u00e1 una gira de presentaci\u00f3n del material, que arrancar\u00e1 en el Centurylink Field de Seattle.<\/p>\n<div style=\"width: 640px;\" class=\"wp-video\"><video class=\"wp-video-shortcode\" id=\"video-79920-1\" width=\"640\" height=\"800\" preload=\"metadata\" controls=\"controls\"><source type=\"video\/mp4\" src=\"https:\/\/www.cordobatimes.com\/showup\/wp-content\/uploads\/2020\/02\/justinbieber_86298231_599001987547635_5759004694429469408_n.mp4?_=1\" \/><a href=\"https:\/\/www.cordobatimes.com\/showup\/wp-content\/uploads\/2020\/02\/justinbieber_86298231_599001987547635_5759004694429469408_n.mp4\">https:\/\/www.cordobatimes.com\/showup\/wp-content\/uploads\/2020\/02\/justinbieber_86298231_599001987547635_5759004694429469408_n.mp4<\/a><\/video><\/div>\n","protected":false},"excerpt":{"rendered":"<p>Se trata de Changes, quinto \u00e1lbum de estudio del cantante. El astro pop canadiense Justin Bieber lanzar\u00e1 este viernes, en el marco del D\u00eda de San Valent\u00edn, su nuevo trabajo discogr\u00e1fico, Changes,quinto \u00e1lbum de estudio del cantante y compositor que comenz\u00f3 como youtuber y salt\u00f3 luego a las grandes ligas del negocio de la m\u00fasica [&hellip;]<\/p>\n","protected":false},"author":1,"featured_media":79921,"comment_status":"closed","ping_status":"closed","sticky":false,"template":"","format":"standard","meta":{"_seopress_robots_primary_cat":"","_seopress_titles_title":"","_seopress_titles_desc":"","_seopress_robots_index":"","footnotes":""},"categories":[5],"tags":[29660,29659],"class_list":{"0":"post-79920","1":"post","2":"type-post","3":"status-publish","4":"format-standard","5":"has-post-thumbnail","7":"category-musica","8":"tag-justin-bieber-changes","9":"tag-justin-bieber-lanza-su-nuevo-album-de-estudio"},"_links":{"self":[{"href":"https:\/\/www.cordobatimes.com\/showup\/wp-json\/wp\/v2\/posts\/79920","targetHints":{"allow":["GET"]}}],"collection":[{"href":"https:\/\/www.cordobatimes.com\/showup\/wp-json\/wp\/v2\/posts"}],"about":[{"href":"https:\/\/www.cordobatimes.com\/showup\/wp-json\/wp\/v2\/types\/post"}],"author":[{"embeddable":true,"href":"https:\/\/www.cordobatimes.com\/showup\/wp-json\/wp\/v2\/users\/1"}],"replies":[{"embeddable":true,"href":"https:\/\/www.cordobatimes.com\/showup\/wp-json\/wp\/v2\/comments?post=79920"}],"version-history":[{"count":0,"href":"https:\/\/www.cordobatimes.com\/showup\/wp-json\/wp\/v2\/posts\/79920\/revisions"}],"wp:featuredmedia":[{"embeddable":true,"href":"https:\/\/www.cordobatimes.com\/showup\/wp-json\/wp\/v2\/media\/79921"}],"wp:attachment":[{"href":"https:\/\/www.cordobatimes.com\/showup\/wp-json\/wp\/v2\/media?parent=79920"}],"wp:term":[{"taxonomy":"category","embeddable":true,"href":"https:\/\/www.cordobatimes.com\/showup\/wp-json\/wp\/v2\/categories?post=79920"},{"taxonomy":"post_tag","embeddable":true,"href":"https:\/\/www.cordobatimes.com\/showup\/wp-json\/wp\/v2\/tags?post=79920"}],"curies":[{"name":"wp","href":"https:\/\/api.w.org\/{rel}","templated":true}]}}