{"id":79531,"date":"2020-02-10T10:02:24","date_gmt":"2020-02-10T13:02:24","guid":{"rendered":"https:\/\/www.cordobatimes.com\/showup\/?p=79531"},"modified":"2020-02-10T10:02:24","modified_gmt":"2020-02-10T13:02:24","slug":"el-in-memoriam-de-los-premios-oscar-2020-con-la-interpretacion-de-yesterday-de-billie-eilish","status":"publish","type":"post","link":"https:\/\/www.cordobatimes.com\/showup\/cine-y-series\/2020\/02\/10\/el-in-memoriam-de-los-premios-oscar-2020-con-la-interpretacion-de-yesterday-de-billie-eilish\/","title":{"rendered":"El In Memoriam de los Premios Oscar 2020 con la interpretaci\u00f3n de Yesterday de Billie Eilish"},"content":{"rendered":"<h3><strong>El video que evoca a los artistas fallecidos en el \u00faltimo a\u00f1o fue uno de los momentos destacados de la noche.<\/strong><\/h3>\n<p>Como cada a\u00f1o, uno de los momentos m\u00e1s emotivos de los Premios Oscar fue el In Memoriam. El video que homenajea a los artistas fallecidos durante el \u00faltimo a\u00f1o a trav\u00e9s de un conmovedor clip uni\u00f3 a todos los presentes en el teatro Dolby de Los \u00c1ngeles un un gran aplauso. La artista Billie Eilish y su hermano, Finneas, tomaron el escenario para interpretar el cl\u00e1sico de los Beatles Yesterday.<\/p>\n<p>L\u00f3gicamente, las recientes muertes de Kirk Douglas y Kobe Bryant tuvieron un lugar destacado. Casi a \u00faltimo momento, la Academia de Hollywood debi\u00f3 agregar al icono del cine de Hollywood y al ex basquetbolista, ganador del Oscar al Mejor corto de animaci\u00f3n en 2018.<\/p>\n<p>Adem\u00e1s, el video cont\u00f3 con las presencias de otras estrellas como\u00a0Peter Fonda, Doris Day, Robert Forster, Terry Jones\u00a0(fundador del grupo\u00a0Monty Python),\u00a0Peter Mayhew\u00a0(el Cheewbacca de\u00a0Star Wars),\u00a0Bibi Andersson\u00a0(musa de\u00a0Ingmar Bergman),\u00a0Cameron Boyce (Descendants), Jan-Michael Vincent\u00a0(de\u00a0El helic\u00f3ptero fant\u00e1stico), Rutger Hauer (Blade Runner), Peggy Lipton\u00a0(The Mod Squad\u00a0y la\u00a0Twin Peaks\u00a0original),\u00a0Sue Lyon\u00a0(la primera\u00a0Lolita\u00a0de\u00a0Kubrick),\u00a0Rip Torn, Jack Kehoe, Seymour Cassel, Danny Aiello\u00a0y\u00a0Billy Drago\u00a0(Los Intocables), entre otros.<\/p>\n<p>Sin embargo, la interpretaci\u00f3n se empa\u00f1\u00f3 por un olvido. \u00bfQui\u00e9nes no aparecieron en el video homenaje?<\/p>\n<p>La Academia se olvid\u00f3 de incluir a Luke Perry, que falleci\u00f3 el 4 de marzo de 2019 por un derrame cerebral, y que protagoniz\u00f3 \u00e9xitos como Beverly Hills, 90210 y form\u00f3 parte de \u00c9rase una vez en Hollywood. Pero no fue el \u00fanico que no tuvo lugar en el video. Cameron Boyce, que muri\u00f3 el 6 de julio de 2019, tampoco apareci\u00f3. El joven era una reconocida estrella de Disney, muy querido entre los j\u00f3venes.<\/p>\n<p>Kobe Bryant, que muri\u00f3 junto a su hija en un accidente de helic\u00f3ptero abri\u00f3 el In Memoriam. Y lo cerr\u00f3\u00a0Kirk Douglas, el actor de la \u00e9poca de oro en Hollywood, que\u00a0falleci\u00f3 d\u00edas antes de la entrega\u00a0de los Oscar 2020.<\/p>\n<p><iframe loading=\"lazy\" src=\"https:\/\/www.youtube.com\/embed\/FKmqtaxIS3Y\" width=\"560\" height=\"315\" frameborder=\"0\" allowfullscreen=\"allowfullscreen\"><\/iframe><\/p>\n","protected":false},"excerpt":{"rendered":"<p>El video que evoca a los artistas fallecidos en el \u00faltimo a\u00f1o fue uno de los momentos destacados de la noche. Como cada a\u00f1o, uno de los momentos m\u00e1s emotivos de los Premios Oscar fue el In Memoriam. El video que homenajea a los artistas fallecidos durante el \u00faltimo a\u00f1o a trav\u00e9s de un conmovedor [&hellip;]<\/p>\n","protected":false},"author":1,"featured_media":79532,"comment_status":"closed","ping_status":"closed","sticky":false,"template":"","format":"standard","meta":{"_seopress_robots_primary_cat":"","_seopress_titles_title":"","_seopress_titles_desc":"","_seopress_robots_index":"","footnotes":""},"categories":[3],"tags":[29547,29551,29548,29549,29552,29550],"class_list":{"0":"post-79531","1":"post","2":"type-post","3":"status-publish","4":"format-standard","5":"has-post-thumbnail","7":"category-cine-y-series","8":"tag-in-memoriam-de-los-premios-oscar-2020","9":"tag-in-memoriam-de-los-premios-oscar-luke-perry-cameron-boyce","10":"tag-in-memoriam-premios-oscar-2020","11":"tag-interpretacion-de-yesterday-de-billie-eilish","12":"tag-luke-perry-y-cameron-boyce","13":"tag-yesterday-billie-eilish"},"_links":{"self":[{"href":"https:\/\/www.cordobatimes.com\/showup\/wp-json\/wp\/v2\/posts\/79531","targetHints":{"allow":["GET"]}}],"collection":[{"href":"https:\/\/www.cordobatimes.com\/showup\/wp-json\/wp\/v2\/posts"}],"about":[{"href":"https:\/\/www.cordobatimes.com\/showup\/wp-json\/wp\/v2\/types\/post"}],"author":[{"embeddable":true,"href":"https:\/\/www.cordobatimes.com\/showup\/wp-json\/wp\/v2\/users\/1"}],"replies":[{"embeddable":true,"href":"https:\/\/www.cordobatimes.com\/showup\/wp-json\/wp\/v2\/comments?post=79531"}],"version-history":[{"count":0,"href":"https:\/\/www.cordobatimes.com\/showup\/wp-json\/wp\/v2\/posts\/79531\/revisions"}],"wp:featuredmedia":[{"embeddable":true,"href":"https:\/\/www.cordobatimes.com\/showup\/wp-json\/wp\/v2\/media\/79532"}],"wp:attachment":[{"href":"https:\/\/www.cordobatimes.com\/showup\/wp-json\/wp\/v2\/media?parent=79531"}],"wp:term":[{"taxonomy":"category","embeddable":true,"href":"https:\/\/www.cordobatimes.com\/showup\/wp-json\/wp\/v2\/categories?post=79531"},{"taxonomy":"post_tag","embeddable":true,"href":"https:\/\/www.cordobatimes.com\/showup\/wp-json\/wp\/v2\/tags?post=79531"}],"curies":[{"name":"wp","href":"https:\/\/api.w.org\/{rel}","templated":true}]}}