{"id":78895,"date":"2020-02-03T11:44:29","date_gmt":"2020-02-03T14:44:29","guid":{"rendered":"https:\/\/www.cordobatimes.com\/showup\/?p=78895"},"modified":"2020-02-03T11:44:29","modified_gmt":"2020-02-03T14:44:29","slug":"el-super-bowl-demi-lovato-la-rompio-cantando-el-himno-de-estados-unidos","status":"publish","type":"post","link":"https:\/\/www.cordobatimes.com\/showup\/musica\/2020\/02\/03\/el-super-bowl-demi-lovato-la-rompio-cantando-el-himno-de-estados-unidos\/","title":{"rendered":"El Super Bowl: Demi Lovato la rompi\u00f3 cantando el himno de Estados Unidos"},"content":{"rendered":"<h3><strong>La cantante emocion\u00f3 a todos los presentes en el Hard Rock Stadium de Miami.<\/strong><\/h3>\n<p>Demi Lovato est\u00e1 de vuelta a lo grande. As\u00ed, tras su actuaci\u00f3n en los Grammy de la pasada semana, ahora protagoniz\u00f3 un emotivo momento al cantar el himno de Estados Unidos antes del Super Bowl LIV este domingo en el Hard Rock Stadium de Miami.<\/p>\n<p>Estas dos importantes actuaciones de Demi -que lanzar\u00e1 nuevo \u00e1lbum este a\u00f1o- suponen su regreso tras la sobredosis que sufri\u00f3 en el verano de 2018 y que motiv\u00f3 su ingreso durante una temporada en una cl\u00ednica de rehabilitaci\u00f3n.<\/p>\n<p>Vestida con una elegante traje blanco, Lovato cant\u00f3 con potencia\u00a0The Star-Spangled Banner\u00a0en un estilo de lo m\u00e1s tradicional. Sin florituras y sacando todo el partido posible a su de voz.<\/p>\n<p>Mientras tanto, Christine Sun Kim fue interpretando el himno con lenguaje de signos en nombre de la National Association of the Deaf (NAD).<\/p>\n<p>Lovato se suma as a otras estrellas que cantaron el himno en la Super Bowl como Whitney Houston, the Dixie Chicks, Beyonc\u00e9, Lady Gaga, Billy Joel, Diana Ross, Gladys Knight, Mariah Carey, the Backstreet Boys, Pink, Alicia Keys o Idina Menzel.<\/p>\n<p><iframe loading=\"lazy\" width=\"560\" height=\"315\" src=\"https:\/\/www.youtube.com\/embed\/mir15oAKXtg\" frameborder=\"0\" allow=\"accelerometer; autoplay; encrypted-media; gyroscope; picture-in-picture\" allowfullscreen><\/iframe><\/p>\n","protected":false},"excerpt":{"rendered":"<p>La cantante emocion\u00f3 a todos los presentes en el Hard Rock Stadium de Miami. Demi Lovato est\u00e1 de vuelta a lo grande. As\u00ed, tras su actuaci\u00f3n en los Grammy de la pasada semana, ahora protagoniz\u00f3 un emotivo momento al cantar el himno de Estados Unidos antes del Super Bowl LIV este domingo en el Hard [&hellip;]<\/p>\n","protected":false},"author":1,"featured_media":78896,"comment_status":"closed","ping_status":"closed","sticky":false,"template":"","format":"standard","meta":{"_seopress_robots_primary_cat":"","_seopress_titles_title":"","_seopress_titles_desc":"","_seopress_robots_index":"","footnotes":""},"categories":[5],"tags":[29354,29355],"class_list":{"0":"post-78895","1":"post","2":"type-post","3":"status-publish","4":"format-standard","5":"has-post-thumbnail","7":"category-musica","8":"tag-demi-lovato-cantando-el-himno-de-estados-unidos","9":"tag-demi-lovato-en-el-super-bowl"},"_links":{"self":[{"href":"https:\/\/www.cordobatimes.com\/showup\/wp-json\/wp\/v2\/posts\/78895","targetHints":{"allow":["GET"]}}],"collection":[{"href":"https:\/\/www.cordobatimes.com\/showup\/wp-json\/wp\/v2\/posts"}],"about":[{"href":"https:\/\/www.cordobatimes.com\/showup\/wp-json\/wp\/v2\/types\/post"}],"author":[{"embeddable":true,"href":"https:\/\/www.cordobatimes.com\/showup\/wp-json\/wp\/v2\/users\/1"}],"replies":[{"embeddable":true,"href":"https:\/\/www.cordobatimes.com\/showup\/wp-json\/wp\/v2\/comments?post=78895"}],"version-history":[{"count":0,"href":"https:\/\/www.cordobatimes.com\/showup\/wp-json\/wp\/v2\/posts\/78895\/revisions"}],"wp:featuredmedia":[{"embeddable":true,"href":"https:\/\/www.cordobatimes.com\/showup\/wp-json\/wp\/v2\/media\/78896"}],"wp:attachment":[{"href":"https:\/\/www.cordobatimes.com\/showup\/wp-json\/wp\/v2\/media?parent=78895"}],"wp:term":[{"taxonomy":"category","embeddable":true,"href":"https:\/\/www.cordobatimes.com\/showup\/wp-json\/wp\/v2\/categories?post=78895"},{"taxonomy":"post_tag","embeddable":true,"href":"https:\/\/www.cordobatimes.com\/showup\/wp-json\/wp\/v2\/tags?post=78895"}],"curies":[{"name":"wp","href":"https:\/\/api.w.org\/{rel}","templated":true}]}}