{"id":77905,"date":"2020-01-30T11:28:52","date_gmt":"2020-01-30T14:28:52","guid":{"rendered":"https:\/\/www.cordobatimes.com\/showup\/?p=77905"},"modified":"2020-01-30T11:28:52","modified_gmt":"2020-01-30T14:28:52","slug":"los-premios-oscar-le-rendiran-homenaje-a-kobe-bryant","status":"publish","type":"post","link":"https:\/\/www.cordobatimes.com\/showup\/cine-y-series\/2020\/01\/30\/los-premios-oscar-le-rendiran-homenaje-a-kobe-bryant\/","title":{"rendered":"Los Premios Oscar le rendir\u00e1n homenaje a Kobe Bryant"},"content":{"rendered":"<h3><strong>La inesperada muerte del deportista gener\u00f3 un fuerte impacto en el ambiente del espect\u00e1culo.\u00a0<\/strong><\/h3>\n<p>Tras el repentino fallecimiento de Kobe Bryant en un accidente de helic\u00f3ptero, la Academia de Cine de Estados Unidos ha confirmado que el deportista ser\u00e1 una de las figuras homenajeadas en el In Memoriam durante la 92.\u00aa edici\u00f3n de los premios Oscar que se celebrar\u00e1n el 9 de febrero.<\/p>\n<p>As\u00ed lo informa\u00a0Variety, que indica que el deportista no s\u00f3lo formar\u00e1 parte del tributo de la Academia a los fallecidos, sino que tambi\u00e9n podr\u00eda tener un homenaje fuera del montaje. De esta manera, los galardones honrar\u00edan la memoria del deportista, que consigui\u00f3 junto a Glen Keane el premio Oscar al mejor cortometraje de animaci\u00f3n con\u00a0Querido Baloncesto.<\/p>\n<p>Bryant falleci\u00f3 con tan s\u00f3lo 41 a\u00f1os el pasado domingo 26 de enero en un accidente de helic\u00f3ptero en Calabasas, California, en el que tambi\u00e9n muri\u00f3 su hija Gianna, de s\u00f3lo 13 a\u00f1os de edad. El deportista se hab\u00eda retirado definitivamente en 2015, momento en el que escribi\u00f3 una sentida carta a su Querido Baloncesto, t\u00edtulo que llevar\u00eda el cortometraje que escribi\u00f3, produjo y dobl\u00f3.<\/p>\n<p>La obra, que consigui\u00f3 el premio Oscar pero tambi\u00e9n el prestigioso premio Annie, no supuso la \u00fanica incursi\u00f3n de Bryant en el audiovisual. El deportista fund\u00f3 la productora Granity Studios con el objetivo de desarrollar contenido original que unir\u00eda deporte con elementos de fantas\u00eda, y tambi\u00e9n particip\u00f3 en proyectos como Kobe Bryant&#8217;s Muse, un documental de Showtime que detalla los altibajos de su carrera.<\/p>\n","protected":false},"excerpt":{"rendered":"<p>La inesperada muerte del deportista gener\u00f3 un fuerte impacto en el ambiente del espect\u00e1culo.\u00a0 Tras el repentino fallecimiento de Kobe Bryant en un accidente de helic\u00f3ptero, la Academia de Cine de Estados Unidos ha confirmado que el deportista ser\u00e1 una de las figuras homenajeadas en el In Memoriam durante la 92.\u00aa edici\u00f3n de los premios [&hellip;]<\/p>\n","protected":false},"author":1,"featured_media":77908,"comment_status":"closed","ping_status":"closed","sticky":false,"template":"","format":"standard","meta":{"_seopress_robots_primary_cat":"","_seopress_titles_title":"","_seopress_titles_desc":"","_seopress_robots_index":"","footnotes":""},"categories":[3],"tags":[29047,29048,29046],"class_list":{"0":"post-77905","1":"post","2":"type-post","3":"status-publish","4":"format-standard","5":"has-post-thumbnail","7":"category-cine-y-series","8":"tag-homenaje-a-kobe-bryant","9":"tag-kobe-bryant-una-de-las-figuras-homenajeadas-en-el-in-memoriam","10":"tag-premios-oscar-kobe-bryant"},"_links":{"self":[{"href":"https:\/\/www.cordobatimes.com\/showup\/wp-json\/wp\/v2\/posts\/77905","targetHints":{"allow":["GET"]}}],"collection":[{"href":"https:\/\/www.cordobatimes.com\/showup\/wp-json\/wp\/v2\/posts"}],"about":[{"href":"https:\/\/www.cordobatimes.com\/showup\/wp-json\/wp\/v2\/types\/post"}],"author":[{"embeddable":true,"href":"https:\/\/www.cordobatimes.com\/showup\/wp-json\/wp\/v2\/users\/1"}],"replies":[{"embeddable":true,"href":"https:\/\/www.cordobatimes.com\/showup\/wp-json\/wp\/v2\/comments?post=77905"}],"version-history":[{"count":0,"href":"https:\/\/www.cordobatimes.com\/showup\/wp-json\/wp\/v2\/posts\/77905\/revisions"}],"wp:featuredmedia":[{"embeddable":true,"href":"https:\/\/www.cordobatimes.com\/showup\/wp-json\/wp\/v2\/media\/77908"}],"wp:attachment":[{"href":"https:\/\/www.cordobatimes.com\/showup\/wp-json\/wp\/v2\/media?parent=77905"}],"wp:term":[{"taxonomy":"category","embeddable":true,"href":"https:\/\/www.cordobatimes.com\/showup\/wp-json\/wp\/v2\/categories?post=77905"},{"taxonomy":"post_tag","embeddable":true,"href":"https:\/\/www.cordobatimes.com\/showup\/wp-json\/wp\/v2\/tags?post=77905"}],"curies":[{"name":"wp","href":"https:\/\/api.w.org\/{rel}","templated":true}]}}