{"id":77211,"date":"2020-01-27T09:53:21","date_gmt":"2020-01-27T12:53:21","guid":{"rendered":"https:\/\/www.cordobatimes.com\/showup\/?p=77211"},"modified":"2020-01-27T09:53:21","modified_gmt":"2020-01-27T12:53:21","slug":"la-odisea-de-los-giles-gano-el-premio-goya-a-la-mejor-pelicula-iberoamericana","status":"publish","type":"post","link":"https:\/\/www.cordobatimes.com\/showup\/cine-y-series\/2020\/01\/27\/la-odisea-de-los-giles-gano-el-premio-goya-a-la-mejor-pelicula-iberoamericana\/","title":{"rendered":"La odisea de los giles gan\u00f3 el Premio Goya a la Mejor pel\u00edcula iberoamericana"},"content":{"rendered":"<h3><strong>El film protagonizado por Ricardo Dar\u00edn y gran elenco se llev\u00f3 el codiciado premio.\u00a0<\/strong><\/h3>\n<p>El largometraje argentino La odisea de los giles, dirigida por Sebasti\u00e1n Borensztein y protagonizada por Ricardo Dar\u00edn, gan\u00f3 el Goya a la mejor pel\u00edcula iberoamericana en la 34 edici\u00f3n de los premios del cine espa\u00f1ol, que se celebraron en M\u00e1laga (sur de Espa\u00f1a).<\/p>\n<p>\u00ab\u00a1Qu\u00e9 emoci\u00f3n!\u00bb, dijeron los productores al recoger un premio al que tambi\u00e9n optaban \u00abMonos\u00bb, de\u00a0Alejandro Landes\u00a0(Colombia); \u00abAra\u00f1a\u00bb, de\u00a0Andr\u00e9s Wood\u00a0(Chile) y\u00a0\u00abEl despertar de las hormigas\u00bb, de\u00a0Antonella Sudasassi\u00a0(Costa Rica).<\/p>\n<p>La comedia, protagonizada por Ricardo y\u00a0Chino Dar\u00edn\u00a0y\u00a0Luis Brandoni\u00a0en un reparto muy coral, se impuso y se llev\u00f3 el Goya n\u00famero 18 para Argentina, el pa\u00eds m\u00e1s premiado en esta categor\u00eda en la historia de los Goya.<\/p>\n<p>Y lo ha hecho con una historia de un grupo de perdedores, de gente de a pie que se ven abocados al desastre al perder sus ahorros por culpa del corralito.<\/p>\n<p>Risas a la argentina mezcladas con una \u00e1cida cr\u00edtica social que dan como resultado un fresco certero de la sociedad argentina y de su capacidad de aguante ante los vaivenes pol\u00edticos.<\/p>\n<p>\u00abMe gusta hacer esas pel\u00edculas, no es que lo elijo, es lo que creo, la posici\u00f3n que yo tengo, entretener al p\u00fablico d\u00e1ndole a la vez un espacio de reflexi\u00f3n. El buen cine es el que combina ciertas dosis de reflexi\u00f3n con entretenimiento\u00bb, explic\u00f3 a Efe Borensztein -ausente hoy de la gala-, en una entrevista unos d\u00edas antes de la gala.<\/p>\n","protected":false},"excerpt":{"rendered":"<p>El film protagonizado por Ricardo Dar\u00edn y gran elenco se llev\u00f3 el codiciado premio.\u00a0 El largometraje argentino La odisea de los giles, dirigida por Sebasti\u00e1n Borensztein y protagonizada por Ricardo Dar\u00edn, gan\u00f3 el Goya a la mejor pel\u00edcula iberoamericana en la 34 edici\u00f3n de los premios del cine espa\u00f1ol, que se celebraron en M\u00e1laga (sur [&hellip;]<\/p>\n","protected":false},"author":1,"featured_media":77212,"comment_status":"closed","ping_status":"closed","sticky":false,"template":"","format":"standard","meta":{"_seopress_robots_primary_cat":"","_seopress_titles_title":"","_seopress_titles_desc":"","_seopress_robots_index":"","footnotes":""},"categories":[3],"tags":[26517,26515,28812],"class_list":{"0":"post-77211","1":"post","2":"type-post","3":"status-publish","4":"format-standard","5":"has-post-thumbnail","7":"category-cine-y-series","8":"tag-la-odisea-de-los-giles-mejor-pelicula-iberoamericana","9":"tag-la-odisea-de-los-giles-premios-goya","10":"tag-premio-goya-a-la-mejor-pelicula-iberoamericana"},"_links":{"self":[{"href":"https:\/\/www.cordobatimes.com\/showup\/wp-json\/wp\/v2\/posts\/77211","targetHints":{"allow":["GET"]}}],"collection":[{"href":"https:\/\/www.cordobatimes.com\/showup\/wp-json\/wp\/v2\/posts"}],"about":[{"href":"https:\/\/www.cordobatimes.com\/showup\/wp-json\/wp\/v2\/types\/post"}],"author":[{"embeddable":true,"href":"https:\/\/www.cordobatimes.com\/showup\/wp-json\/wp\/v2\/users\/1"}],"replies":[{"embeddable":true,"href":"https:\/\/www.cordobatimes.com\/showup\/wp-json\/wp\/v2\/comments?post=77211"}],"version-history":[{"count":0,"href":"https:\/\/www.cordobatimes.com\/showup\/wp-json\/wp\/v2\/posts\/77211\/revisions"}],"wp:featuredmedia":[{"embeddable":true,"href":"https:\/\/www.cordobatimes.com\/showup\/wp-json\/wp\/v2\/media\/77212"}],"wp:attachment":[{"href":"https:\/\/www.cordobatimes.com\/showup\/wp-json\/wp\/v2\/media?parent=77211"}],"wp:term":[{"taxonomy":"category","embeddable":true,"href":"https:\/\/www.cordobatimes.com\/showup\/wp-json\/wp\/v2\/categories?post=77211"},{"taxonomy":"post_tag","embeddable":true,"href":"https:\/\/www.cordobatimes.com\/showup\/wp-json\/wp\/v2\/tags?post=77211"}],"curies":[{"name":"wp","href":"https:\/\/api.w.org\/{rel}","templated":true}]}}