{"id":76766,"date":"2020-01-24T21:07:29","date_gmt":"2020-01-25T00:07:29","guid":{"rendered":"https:\/\/www.cordobatimes.com\/showup\/?p=76766"},"modified":"2020-01-24T21:07:29","modified_gmt":"2020-01-25T00:07:29","slug":"las-peliculas-argentinas-favoritas-para-llevarse-los-premios-platino-2019","status":"publish","type":"post","link":"https:\/\/www.cordobatimes.com\/showup\/cine-y-series\/2020\/01\/24\/las-peliculas-argentinas-favoritas-para-llevarse-los-premios-platino-2019\/","title":{"rendered":"Las pel\u00edculas argentinas favoritas para llevarse los Premios Platino 2019"},"content":{"rendered":"<h3><strong>Fueron postuladas para numerosas categor\u00edas en la preselecci\u00f3n de los galardones.<\/strong><\/h3>\n<p>El 3 de mayo se entregar\u00e1n los\u00a0Premios Platino 2019, un reconocimiento a las producciones audiovisuales iberoamericanas de 23 pa\u00edses.\u00a0Y si bien reci\u00e9n el 12 de febrero se dar\u00e1 a conocer la lista definitiva de nominaciones, ya se sabe que en la preselecci\u00f3n las pel\u00edculas y series argentinas est\u00e1n entre las favoritas.<\/p>\n<p>As\u00ed lo inform\u00f3 el Consejo de Direcci\u00f3n de la premiaci\u00f3n cuya ceremonia se realizar\u00e1 en el\u00a0Teatro Gran Tlachco\u00a0del Parque Xcaret, en Riviera Maya. Entre las que rankean m\u00e1s alto est\u00e1n\u00a0<strong>La Odisea de los Giles<\/strong>, de\u00a0Sebasti\u00e1n Borensztein, postulada en ocho categor\u00edas; y\u00a0<strong>El cuento de las comadrejas<\/strong>, de\u00a0Juan Jos\u00e9 Campanella, que competir\u00eda en seis.<\/p>\n<p>Adem\u00e1s,\u00a0<strong>Los Son\u00e1mbulos<\/strong>, de Paula Hern\u00e1ndez, es la tercera producci\u00f3n argentina que se suma en la terna de Mejor film iberoamericano. Los tres directores compiten en la categor\u00eda Direcci\u00f3n, mientras que<strong> Hern\u00e1ndez, Borensztein y Eduardo Sacheri<\/strong> lo hacen en el rubro<strong> Mejor gui\u00f3n.<\/strong><\/p>\n<p>Los artistas argentinos tambi\u00e9n est\u00e1n muy bien posicionados para llevarse una estatuilla.\u00a0<strong>Mercedes Mor\u00e1n<\/strong>\u00a0(por\u00a0Ara\u00f1a),<strong>\u00a0\u00c9rica Rivas<\/strong>\u00a0(Los Son\u00e1mbulos),\u00a0<strong>Graciela Borges<\/strong>\u00a0(El cuento de las comadrejas),\u00a0<strong>Peter Lanzani<\/strong>\u00a0(4&#215;4),\u00a0<strong>Oscar Mart\u00ednez<\/strong>\u00a0(Tu me manques),\u00a0<strong>Luis Brandoni\u00a0<\/strong>(El cuento de las comadrejas) y<strong>\u00a0Ricardo Dar\u00edn<\/strong>\u00a0(La Odisea de los Giles), entraron en la competencia.<\/p>\n<p>En el rubro documentales tambi\u00e9n es notable la participaci\u00f3n nacional.\u00a0Flora no es un canto a la vida, de\u00a0Iair Said;\u00a0Los Knacks: D\u00e9jame en el pasado, de\u00a0Mariano y Gabriel Nesci; y\u00a0M\u00e9todo Livingston, de\u00a0Sof\u00eda Mora; est\u00e1n entre los preseleccionados. Y en la categor\u00eda animados, est\u00e1\u00a0El Patalarga, de\u00a0Mercedes Moreira.<\/p>\n<p>En cuanto a las series de ficci\u00f3n, los t\u00edtulos que podr\u00edan alzarse con el premio ser\u00edan\u00a0<strong>Apache: La vida de Carlos Tevez,\u00a0El Marginal 3\u00a0y\u00a0Monz\u00f3n, la serie.<\/strong> Mientras que en la terna de Interpretaci\u00f3n Protagonista est\u00e1n\u00a0<strong>Paola Barrientos\u00a0por\u00a0El jard\u00edn de bronce;\u00a0Nico Furtado\u00a0por\u00a0El Marginal 3\u00a0y\u00a0Mauricio Paniagua,\u00a0Jorge Rom\u00e1n, y\u00a0Carla Quevedo\u00a0por Monz\u00f3n, la serie.<\/strong><\/p>\n<p>A la vez, en la categor\u00eda Mejor Interpretaci\u00f3n Masculina y Femenina de Reparto en Miniserie o Teleserie entraron\u00a0Gerardo Romano por El Marginal 3,\u00a0Diego Cremonesi,\u00a0Gustavo Garz\u00f3n,\u00a0Paloma Ker\u00a0y\u00a0Florencia Raggi\u00a0por la biopic sobre Monz\u00f3n.<\/p>\n","protected":false},"excerpt":{"rendered":"<p>Fueron postuladas para numerosas categor\u00edas en la preselecci\u00f3n de los galardones. El 3 de mayo se entregar\u00e1n los\u00a0Premios Platino 2019, un reconocimiento a las producciones audiovisuales iberoamericanas de 23 pa\u00edses.\u00a0Y si bien reci\u00e9n el 12 de febrero se dar\u00e1 a conocer la lista definitiva de nominaciones, ya se sabe que en la preselecci\u00f3n las pel\u00edculas [&hellip;]<\/p>\n","protected":false},"author":1,"featured_media":76767,"comment_status":"closed","ping_status":"closed","sticky":false,"template":"","format":"standard","meta":{"_seopress_robots_primary_cat":"","_seopress_titles_title":"","_seopress_titles_desc":"","_seopress_robots_index":"","footnotes":""},"categories":[3],"tags":[28654],"class_list":{"0":"post-76766","1":"post","2":"type-post","3":"status-publish","4":"format-standard","5":"has-post-thumbnail","7":"category-cine-y-series","8":"tag-peliculas-argentinas-premios-platino-2019"},"_links":{"self":[{"href":"https:\/\/www.cordobatimes.com\/showup\/wp-json\/wp\/v2\/posts\/76766","targetHints":{"allow":["GET"]}}],"collection":[{"href":"https:\/\/www.cordobatimes.com\/showup\/wp-json\/wp\/v2\/posts"}],"about":[{"href":"https:\/\/www.cordobatimes.com\/showup\/wp-json\/wp\/v2\/types\/post"}],"author":[{"embeddable":true,"href":"https:\/\/www.cordobatimes.com\/showup\/wp-json\/wp\/v2\/users\/1"}],"replies":[{"embeddable":true,"href":"https:\/\/www.cordobatimes.com\/showup\/wp-json\/wp\/v2\/comments?post=76766"}],"version-history":[{"count":0,"href":"https:\/\/www.cordobatimes.com\/showup\/wp-json\/wp\/v2\/posts\/76766\/revisions"}],"wp:featuredmedia":[{"embeddable":true,"href":"https:\/\/www.cordobatimes.com\/showup\/wp-json\/wp\/v2\/media\/76767"}],"wp:attachment":[{"href":"https:\/\/www.cordobatimes.com\/showup\/wp-json\/wp\/v2\/media?parent=76766"}],"wp:term":[{"taxonomy":"category","embeddable":true,"href":"https:\/\/www.cordobatimes.com\/showup\/wp-json\/wp\/v2\/categories?post=76766"},{"taxonomy":"post_tag","embeddable":true,"href":"https:\/\/www.cordobatimes.com\/showup\/wp-json\/wp\/v2\/tags?post=76766"}],"curies":[{"name":"wp","href":"https:\/\/api.w.org\/{rel}","templated":true}]}}