{"id":76349,"date":"2020-01-22T10:59:04","date_gmt":"2020-01-22T13:59:04","guid":{"rendered":"https:\/\/www.cordobatimes.com\/showup\/?p=76349"},"modified":"2020-01-22T10:59:04","modified_gmt":"2020-01-22T13:59:04","slug":"natalia-oreiro-interpretara-a-eva-peron-en-santa-evita","status":"publish","type":"post","link":"https:\/\/www.cordobatimes.com\/showup\/cine-y-series\/2020\/01\/22\/natalia-oreiro-interpretara-a-eva-peron-en-santa-evita\/","title":{"rendered":"Natalia Oreiro interpretar\u00e1 a Eva Per\u00f3n en \u201cSanta Evita\u201d"},"content":{"rendered":"<h3><strong>Se confirm\u00f3 que la actriz uruguaya se pondr\u00e1 en la piel de la ex primera dama.<\/strong><\/h3>\n<p>Natalia Oreiro y Ernesto Alterio ser\u00e1n quienes protagonizaran la serie \u201cSanta Evita\u201d, que contar\u00e1 lo que sucedi\u00f3 con el cuerpo de la ex primera dama despu\u00e9s de su muerte, en 1952.<\/p>\n<p>La ficci\u00f3n se basa en el best seller de Tom\u00e1s Eloy Mart\u00ednez, producido por\u00a0Salma Hayek\u00a0y dirigido por Rodrigo Garc\u00eda, con la ayuda de\u00a0Buena Vista Original Productions. Contar\u00e1 con 7 episodios en los que se narrar\u00e1 la historia de lo sucedido con los restos de Evita.<\/p>\n<p>Juan Domingo Per\u00f3n promete realizar un mausoleo para que los restos de Eva descansen en paz, sin embargo, cuando el ex presidente es derrocado, las autoridades militares ocultan el cuerpo de la ex primera dama durante 19 a\u00f1os.<\/p>\n<p>Seg\u00fan Variety, Oreiro interpretar\u00e1 a Evita y Alterio al Coronel Moori Koenig, un funcionario del Servicio de Inteligencia argentino y miembro de las fuerzas militares que derrocaron a Per\u00f3n, quien ser\u00e1 interpretado por\u00a0Dar\u00edo Grandinetti.<\/p>\n<p>\u201c\u2019Santa Evita\u2019 es una historia absolutamente femenina, m\u00e1s all\u00e1 de su contexto hist\u00f3rico\u00bb, dijo sobre la serie Mariana P\u00e9rez, de Buena Vista Original Productions. \u201cEs una historia extraordinaria, basada en un libro incre\u00edble, un hito en c\u00f3mo cuenta una historia, que es un cl\u00e1sico moderno de la literatura latinoamericana\u201d, agreg\u00f3.<\/p>\n","protected":false},"excerpt":{"rendered":"<p>Se confirm\u00f3 que la actriz uruguaya se pondr\u00e1 en la piel de la ex primera dama. Natalia Oreiro y Ernesto Alterio ser\u00e1n quienes protagonizaran la serie \u201cSanta Evita\u201d, que contar\u00e1 lo que sucedi\u00f3 con el cuerpo de la ex primera dama despu\u00e9s de su muerte, en 1952. La ficci\u00f3n se basa en el best seller [&hellip;]<\/p>\n","protected":false},"author":1,"featured_media":76350,"comment_status":"closed","ping_status":"closed","sticky":false,"template":"","format":"standard","meta":{"_seopress_robots_primary_cat":"","_seopress_titles_title":"","_seopress_titles_desc":"","_seopress_robots_index":"","footnotes":""},"categories":[3],"tags":[28519,28518,28517,28520],"class_list":{"0":"post-76349","1":"post","2":"type-post","3":"status-publish","4":"format-standard","5":"has-post-thumbnail","7":"category-cine-y-series","8":"tag-eva-peron-santa-evita","9":"tag-natalia-oreiro-eva-peron","10":"tag-natalia-oreiro-interpretara-a-eva-peron","11":"tag-natalia-oreiro-y-ernesto-alterio"},"_links":{"self":[{"href":"https:\/\/www.cordobatimes.com\/showup\/wp-json\/wp\/v2\/posts\/76349","targetHints":{"allow":["GET"]}}],"collection":[{"href":"https:\/\/www.cordobatimes.com\/showup\/wp-json\/wp\/v2\/posts"}],"about":[{"href":"https:\/\/www.cordobatimes.com\/showup\/wp-json\/wp\/v2\/types\/post"}],"author":[{"embeddable":true,"href":"https:\/\/www.cordobatimes.com\/showup\/wp-json\/wp\/v2\/users\/1"}],"replies":[{"embeddable":true,"href":"https:\/\/www.cordobatimes.com\/showup\/wp-json\/wp\/v2\/comments?post=76349"}],"version-history":[{"count":0,"href":"https:\/\/www.cordobatimes.com\/showup\/wp-json\/wp\/v2\/posts\/76349\/revisions"}],"wp:featuredmedia":[{"embeddable":true,"href":"https:\/\/www.cordobatimes.com\/showup\/wp-json\/wp\/v2\/media\/76350"}],"wp:attachment":[{"href":"https:\/\/www.cordobatimes.com\/showup\/wp-json\/wp\/v2\/media?parent=76349"}],"wp:term":[{"taxonomy":"category","embeddable":true,"href":"https:\/\/www.cordobatimes.com\/showup\/wp-json\/wp\/v2\/categories?post=76349"},{"taxonomy":"post_tag","embeddable":true,"href":"https:\/\/www.cordobatimes.com\/showup\/wp-json\/wp\/v2\/tags?post=76349"}],"curies":[{"name":"wp","href":"https:\/\/api.w.org\/{rel}","templated":true}]}}