{"id":76345,"date":"2020-01-22T10:25:49","date_gmt":"2020-01-22T13:25:49","guid":{"rendered":"https:\/\/www.cordobatimes.com\/showup\/?p=76345"},"modified":"2020-01-22T10:25:49","modified_gmt":"2020-01-22T13:25:49","slug":"pimpinela-regresa-a-cordoba-en-mayo","status":"publish","type":"post","link":"https:\/\/www.cordobatimes.com\/showup\/agenda\/2020\/01\/22\/pimpinela-regresa-a-cordoba-en-mayo\/","title":{"rendered":"Pimpinela regresa a C\u00f3rdoba en mayo"},"content":{"rendered":"<h3><strong>El d\u00fao de Joaqu\u00edn y Luc\u00eda Gal\u00e1n presentar\u00e1 en el Orfeo su nuevo espect\u00e1culo \u201cBien de familia\u201d.\u00a0<\/strong><\/h3>\n<p>El pr\u00f3ximo s\u00e1bado 16 de mayo, y a las 21.30, Pimpinela volver\u00e1 al Orfeo Superdomo, un espacio en el que los hermanos Luc\u00eda y Joaqu\u00edn Gal\u00e1n supieron dar batacazos de taquilla y shows de alto impacto.<\/p>\n<p>En esta oportunidad lo har\u00e1n para presentar \u201cBien de familia\u201d, su nuevo espect\u00e1culo que, seguramente, tendr\u00e1 un tramo dedicado a Mar\u00eda Engracia Cuervo de Gal\u00e1n, la madre ambos fallecida hace unos d\u00edas.<\/p>\n<blockquote class=\"twitter-tweet\" data-lang=\"es\">\n<p dir=\"ltr\" lang=\"es\">GRACIAS! \ud83d\ude4f <a href=\"https:\/\/t.co\/1AlWQzLnUf\">pic.twitter.com\/1AlWQzLnUf<\/a><\/p>\n<p>\u2014 Pimpinela (@PimpinelaNet) <a href=\"https:\/\/twitter.com\/PimpinelaNet\/status\/1217506470776004609?ref_src=twsrc%5Etfw\">15 de enero de 2020<\/a><\/p><\/blockquote>\n<p><script async src=\"https:\/\/platform.twitter.com\/widgets.js\" charset=\"utf-8\"><\/script><\/p>\n<p>Seg\u00fan se inform\u00f3, este t\u00edtulo surge a partir del comentario en redes de un seguidor incondicional. \u201cPimpinela forma parte de nuestra vida familiar, fueron pasando de padres a hijos como algo propio, ya son como un bien de familia\u201d, fue lo que poste\u00f3 esa persona y que luego se instituy\u00f3 como concepto.<\/p>\n<p>\u201cLuc\u00eda y Joaqu\u00edn comienzan el 2020 con un nuevo espect\u00e1culo cargado de grandes \u00e9xitos y nuevas canciones que har\u00e1n emocionar, una vez m\u00e1s, a un p\u00fablico de todas las edades que los sigue incondicionalmente de generaci\u00f3n en generaci\u00f3n\u201d, dice la comunicaci\u00f3n oficial.<\/p>\n<p>\u201cLuego de cerrar el 2019 con el premio Grammy a La Excelencia Musical, o a la trayectoria, como ellos prefieren llamarlo, inician una nueva etapa de su carrera con canciones que vuelven a reflejar lo m\u00e1s aut\u00e9ntico del amor filial y de pareja. Es as\u00ed que, mientras Lucia brilla protagonizando en el teatro \u00d3pera de Buenos Aires el musical Hello Dolly, Joaqu\u00edn vuelve a sorprender componiendo y produciendo una historia cotidiana pero que nunca antes hab\u00edan abordado en su extensa tem\u00e1tica de autores u compositores: la traici\u00f3n\u201d, ampl\u00eda el texto.<\/p>\n<p>M\u00e1s detalles sobre \u201cBien de familia\u201d: Una pantalla gigante de leds que hace volar la imaginaci\u00f3n acompa\u00f1ando el clima de cada canci\u00f3n con im\u00e1genes totalmente renovadas; una banda de m\u00fasicos y coros de primer nivel internacional que dan forma a emotivos y contundentes arreglos, fieles al estilo de los hermanos; los bailarines que aparecen en el momento adecuados para darle al show pinceladas de frescura y ritmo; Luc\u00eda y Joaqu\u00edn para llevar al espectador al mundo de las emociones m\u00e1s encontradas.<\/p>\n<p>\u201cUna nueva propuesta, un nuevo vestuario, nuevas im\u00e1genes, grandes \u00e9xitos y nuevas canciones, ser\u00e1 la combinaci\u00f3n perfecta para vivir una noche inolvidable junto al d\u00fao de int\u00e9rpretes y compositores de mayor vigencia de todos los tiempos: Pimpinela\u201d, cierra la promoci\u00f3n.<\/p>\n<p>Las anticipadas ya est\u00e1n a la venta en Tiendas Vesta y en <a href=\"http:\/\/www.orfeosuperdomo.com\">www.orfeosuperdomo.com<\/a><\/p>\n<p>Y a estos precios: 4500 (+$810); meet &amp; greet; $2500 (+$450), Pista A; $2100 (+$378), Pista B; $1700 (+$306), Pista C, D y E; $1500 (+$270), Pista G; $1600 (+$288), Rojo A, B y C; $1300 (+$324), Rojo D, E y F; $1000 (+$180), Rojo G, H, I y K; y $900 (+$162), Rojo J de visi\u00f3n restringida.<\/p>\n","protected":false},"excerpt":{"rendered":"<p>El d\u00fao de Joaqu\u00edn y Luc\u00eda Gal\u00e1n presentar\u00e1 en el Orfeo su nuevo espect\u00e1culo \u201cBien de familia\u201d.\u00a0 El pr\u00f3ximo s\u00e1bado 16 de mayo, y a las 21.30, Pimpinela volver\u00e1 al Orfeo Superdomo, un espacio en el que los hermanos Luc\u00eda y Joaqu\u00edn Gal\u00e1n supieron dar batacazos de taquilla y shows de alto impacto. En esta [&hellip;]<\/p>\n","protected":false},"author":1,"featured_media":76346,"comment_status":"closed","ping_status":"closed","sticky":false,"template":"","format":"standard","meta":{"_seopress_robots_primary_cat":"","_seopress_titles_title":"","_seopress_titles_desc":"","_seopress_robots_index":"","footnotes":""},"categories":[6],"tags":[28516,28515],"class_list":{"0":"post-76345","1":"post","2":"type-post","3":"status-publish","4":"format-standard","5":"has-post-thumbnail","7":"category-agenda","8":"tag-los-pimpinela-en-cordoba","9":"tag-pimpinela-en-cordoba"},"_links":{"self":[{"href":"https:\/\/www.cordobatimes.com\/showup\/wp-json\/wp\/v2\/posts\/76345","targetHints":{"allow":["GET"]}}],"collection":[{"href":"https:\/\/www.cordobatimes.com\/showup\/wp-json\/wp\/v2\/posts"}],"about":[{"href":"https:\/\/www.cordobatimes.com\/showup\/wp-json\/wp\/v2\/types\/post"}],"author":[{"embeddable":true,"href":"https:\/\/www.cordobatimes.com\/showup\/wp-json\/wp\/v2\/users\/1"}],"replies":[{"embeddable":true,"href":"https:\/\/www.cordobatimes.com\/showup\/wp-json\/wp\/v2\/comments?post=76345"}],"version-history":[{"count":0,"href":"https:\/\/www.cordobatimes.com\/showup\/wp-json\/wp\/v2\/posts\/76345\/revisions"}],"wp:featuredmedia":[{"embeddable":true,"href":"https:\/\/www.cordobatimes.com\/showup\/wp-json\/wp\/v2\/media\/76346"}],"wp:attachment":[{"href":"https:\/\/www.cordobatimes.com\/showup\/wp-json\/wp\/v2\/media?parent=76345"}],"wp:term":[{"taxonomy":"category","embeddable":true,"href":"https:\/\/www.cordobatimes.com\/showup\/wp-json\/wp\/v2\/categories?post=76345"},{"taxonomy":"post_tag","embeddable":true,"href":"https:\/\/www.cordobatimes.com\/showup\/wp-json\/wp\/v2\/tags?post=76345"}],"curies":[{"name":"wp","href":"https:\/\/api.w.org\/{rel}","templated":true}]}}