{"id":75214,"date":"2020-01-14T11:44:03","date_gmt":"2020-01-14T14:44:03","guid":{"rendered":"https:\/\/www.cordobatimes.com\/showup\/?p=75214"},"modified":"2020-01-14T11:44:03","modified_gmt":"2020-01-14T14:44:03","slug":"morbius-trailer-de-la-nueva-pelicula-de-marvel-con-jared-leto","status":"publish","type":"post","link":"https:\/\/www.cordobatimes.com\/showup\/cine-y-series\/2020\/01\/14\/morbius-trailer-de-la-nueva-pelicula-de-marvel-con-jared-leto\/","title":{"rendered":"Morbius: Trailer de la nueva pel\u00edcula de Marvel con Jared Leto"},"content":{"rendered":"<h3><strong>Jared Leto interpreta a Morbius, cient\u00edfico devenido en una suerte de vampiro en la nueva producci\u00f3n de Marvel.\u00a0<\/strong><\/h3>\n<p>La nueva producci\u00f3n de Marvel y Sony Pictures estren\u00f3 hoy el primer trailer de una pel\u00edcula prometedora: Morbius. el m\u00fasico y actor Jared Leto se pone en la piel de Michael Morbius, un antih\u00e9roe similar a un vampiro. El personaje apareci\u00f3 por primera vez en comics de Spiderman hasta llegar a tener su propia serie.<\/p>\n<p>En la historia, el dr. Morbius es un cient\u00edfico talentoso que sufre una enfermedad de la sangre. Buscando la cura, un experimento lo transforma en un ser con fuerza y velocidad incre\u00edbles, adem\u00e1s de otras habilidades. Adem\u00e1s, tiene una piel p\u00e1lida y necesidad de consumir sangre, de ah\u00ed el nombre de vampiro. Sin embargo, decide poner sus habilidades al servicio del bien.<\/p>\n<p>La pel\u00edcula tiene fecha de estreno para mediados de este a\u00f1o, y tambi\u00e9n cuenta con las actuaciones de Matt Smith (The Crown) y Adria Arjona (True Detective), hija de Ricardo Arjona. Est\u00e1 dirigida por Daniel Espinosa (El invitado).<\/p>\n<p>Mir\u00e1 el trailer a continuaci\u00f3n:<\/p>\n<p><iframe loading=\"lazy\" src=\"https:\/\/www.youtube.com\/embed\/I4kD3s4GFAY\" width=\"560\" height=\"315\" frameborder=\"0\" allowfullscreen=\"allowfullscreen\"><\/iframe><\/p>\n","protected":false},"excerpt":{"rendered":"<p>Jared Leto interpreta a Morbius, cient\u00edfico devenido en una suerte de vampiro en la nueva producci\u00f3n de Marvel.\u00a0 La nueva producci\u00f3n de Marvel y Sony Pictures estren\u00f3 hoy el primer trailer de una pel\u00edcula prometedora: Morbius. el m\u00fasico y actor Jared Leto se pone en la piel de Michael Morbius, un antih\u00e9roe similar a un [&hellip;]<\/p>\n","protected":false},"author":1,"featured_media":75215,"comment_status":"closed","ping_status":"closed","sticky":false,"template":"","format":"standard","meta":{"_seopress_robots_primary_cat":"","_seopress_titles_title":"","_seopress_titles_desc":"","_seopress_robots_index":"","footnotes":""},"categories":[3],"tags":[28209,28208,28210],"class_list":{"0":"post-75214","1":"post","2":"type-post","3":"status-publish","4":"format-standard","5":"has-post-thumbnail","7":"category-cine-y-series","8":"tag-jared-leto-interpreta-a-morbius-cientifico-devenido-en-una-suerte-de-vampiro","9":"tag-morbius-jared-leto","10":"tag-trailer-de-morbius"},"_links":{"self":[{"href":"https:\/\/www.cordobatimes.com\/showup\/wp-json\/wp\/v2\/posts\/75214","targetHints":{"allow":["GET"]}}],"collection":[{"href":"https:\/\/www.cordobatimes.com\/showup\/wp-json\/wp\/v2\/posts"}],"about":[{"href":"https:\/\/www.cordobatimes.com\/showup\/wp-json\/wp\/v2\/types\/post"}],"author":[{"embeddable":true,"href":"https:\/\/www.cordobatimes.com\/showup\/wp-json\/wp\/v2\/users\/1"}],"replies":[{"embeddable":true,"href":"https:\/\/www.cordobatimes.com\/showup\/wp-json\/wp\/v2\/comments?post=75214"}],"version-history":[{"count":0,"href":"https:\/\/www.cordobatimes.com\/showup\/wp-json\/wp\/v2\/posts\/75214\/revisions"}],"wp:featuredmedia":[{"embeddable":true,"href":"https:\/\/www.cordobatimes.com\/showup\/wp-json\/wp\/v2\/media\/75215"}],"wp:attachment":[{"href":"https:\/\/www.cordobatimes.com\/showup\/wp-json\/wp\/v2\/media?parent=75214"}],"wp:term":[{"taxonomy":"category","embeddable":true,"href":"https:\/\/www.cordobatimes.com\/showup\/wp-json\/wp\/v2\/categories?post=75214"},{"taxonomy":"post_tag","embeddable":true,"href":"https:\/\/www.cordobatimes.com\/showup\/wp-json\/wp\/v2\/tags?post=75214"}],"curies":[{"name":"wp","href":"https:\/\/api.w.org\/{rel}","templated":true}]}}