{"id":75062,"date":"2020-01-13T12:51:51","date_gmt":"2020-01-13T15:51:51","guid":{"rendered":"https:\/\/www.cordobatimes.com\/showup\/?p=75062"},"modified":"2020-01-13T12:51:51","modified_gmt":"2020-01-13T15:51:51","slug":"los-looks-de-los-critics-choice-awards-2020","status":"publish","type":"post","link":"https:\/\/www.cordobatimes.com\/showup\/moda-y-estilos\/2020\/01\/13\/los-looks-de-los-critics-choice-awards-2020\/","title":{"rendered":"Los looks de los Critics&#8217; Choice Awards 2020"},"content":{"rendered":"<h3><strong>Las celebridades asistieron a la gala en la que los cr\u00edticos premiaron a lo mejor del cine y la televisi\u00f3n de 2019. Antes, la alfombra roja se llen\u00f3 de color y variedad de dise\u00f1os.<\/strong><\/h3>\n<p><img alt=\"\" loading=\"lazy\" decoding=\"async\" class=\"alignnone wp-image-75064 size-full\" src=\"https:\/\/www.cordobatimes.com\/showup\/wp-content\/uploads\/2020\/01\/Nombre1-1.jpg\" alt=\"\" width=\"413\" height=\"610\" srcset=\"https:\/\/www.cordobatimes.com\/showup\/wp-content\/uploads\/2020\/01\/Nombre1-1.jpg 413w, https:\/\/www.cordobatimes.com\/showup\/wp-content\/uploads\/2020\/01\/Nombre1-1-284x420.jpg 284w\" sizes=\"auto, (max-width: 413px) 100vw, 413px\" \/> <img alt=\"\" loading=\"lazy\" decoding=\"async\" class=\"alignnone wp-image-75065 size-full\" src=\"https:\/\/www.cordobatimes.com\/showup\/wp-content\/uploads\/2020\/01\/Nombre2-1.jpg\" alt=\"\" width=\"451\" height=\"619\" srcset=\"https:\/\/www.cordobatimes.com\/showup\/wp-content\/uploads\/2020\/01\/Nombre2-1.jpg 451w, https:\/\/www.cordobatimes.com\/showup\/wp-content\/uploads\/2020\/01\/Nombre2-1-306x420.jpg 306w\" sizes=\"auto, (max-width: 451px) 100vw, 451px\" \/> <img alt=\"\" loading=\"lazy\" decoding=\"async\" class=\"alignnone wp-image-75066 size-full\" src=\"https:\/\/www.cordobatimes.com\/showup\/wp-content\/uploads\/2020\/01\/Nombre3-1.jpg\" alt=\"\" width=\"449\" height=\"613\" srcset=\"https:\/\/www.cordobatimes.com\/showup\/wp-content\/uploads\/2020\/01\/Nombre3-1.jpg 449w, https:\/\/www.cordobatimes.com\/showup\/wp-content\/uploads\/2020\/01\/Nombre3-1-308x420.jpg 308w\" sizes=\"auto, (max-width: 449px) 100vw, 449px\" \/> <img alt=\"\" loading=\"lazy\" decoding=\"async\" class=\"alignnone wp-image-75067 size-full\" src=\"https:\/\/www.cordobatimes.com\/showup\/wp-content\/uploads\/2020\/01\/Nombre4-1.jpg\" alt=\"\" width=\"453\" height=\"615\" srcset=\"https:\/\/www.cordobatimes.com\/showup\/wp-content\/uploads\/2020\/01\/Nombre4-1.jpg 453w, https:\/\/www.cordobatimes.com\/showup\/wp-content\/uploads\/2020\/01\/Nombre4-1-309x420.jpg 309w\" sizes=\"auto, (max-width: 453px) 100vw, 453px\" \/> <img alt=\"\" loading=\"lazy\" decoding=\"async\" class=\"alignnone wp-image-75068 size-full\" src=\"https:\/\/www.cordobatimes.com\/showup\/wp-content\/uploads\/2020\/01\/Nombre5-1.jpg\" alt=\"\" width=\"431\" height=\"617\" srcset=\"https:\/\/www.cordobatimes.com\/showup\/wp-content\/uploads\/2020\/01\/Nombre5-1.jpg 431w, https:\/\/www.cordobatimes.com\/showup\/wp-content\/uploads\/2020\/01\/Nombre5-1-293x420.jpg 293w\" sizes=\"auto, (max-width: 431px) 100vw, 431px\" \/> <img alt=\"\" loading=\"lazy\" decoding=\"async\" class=\"alignnone wp-image-75069 size-full\" src=\"https:\/\/www.cordobatimes.com\/showup\/wp-content\/uploads\/2020\/01\/Nombre6-1.jpg\" alt=\"\" width=\"403\" height=\"554\" srcset=\"https:\/\/www.cordobatimes.com\/showup\/wp-content\/uploads\/2020\/01\/Nombre6-1.jpg 403w, https:\/\/www.cordobatimes.com\/showup\/wp-content\/uploads\/2020\/01\/Nombre6-1-306x420.jpg 306w\" sizes=\"auto, (max-width: 403px) 100vw, 403px\" \/> <img alt=\"\" loading=\"lazy\" decoding=\"async\" class=\"alignnone wp-image-75070 size-full\" src=\"https:\/\/www.cordobatimes.com\/showup\/wp-content\/uploads\/2020\/01\/Nombre7-1.jpg\" alt=\"\" width=\"489\" height=\"613\" srcset=\"https:\/\/www.cordobatimes.com\/showup\/wp-content\/uploads\/2020\/01\/Nombre7-1.jpg 489w, https:\/\/www.cordobatimes.com\/showup\/wp-content\/uploads\/2020\/01\/Nombre7-1-335x420.jpg 335w\" sizes=\"auto, (max-width: 489px) 100vw, 489px\" \/> <img alt=\"\" loading=\"lazy\" decoding=\"async\" class=\"alignnone wp-image-75071 size-full\" src=\"https:\/\/www.cordobatimes.com\/showup\/wp-content\/uploads\/2020\/01\/Nombre8-1.jpg\" alt=\"\" width=\"403\" height=\"547\" srcset=\"https:\/\/www.cordobatimes.com\/showup\/wp-content\/uploads\/2020\/01\/Nombre8-1.jpg 403w, https:\/\/www.cordobatimes.com\/showup\/wp-content\/uploads\/2020\/01\/Nombre8-1-309x420.jpg 309w\" sizes=\"auto, (max-width: 403px) 100vw, 403px\" \/> <img alt=\"\" loading=\"lazy\" decoding=\"async\" class=\"alignnone wp-image-75072 size-full\" src=\"https:\/\/www.cordobatimes.com\/showup\/wp-content\/uploads\/2020\/01\/Nombre9-1.jpg\" alt=\"\" width=\"453\" height=\"616\" srcset=\"https:\/\/www.cordobatimes.com\/showup\/wp-content\/uploads\/2020\/01\/Nombre9-1.jpg 453w, https:\/\/www.cordobatimes.com\/showup\/wp-content\/uploads\/2020\/01\/Nombre9-1-309x420.jpg 309w\" sizes=\"auto, (max-width: 453px) 100vw, 453px\" \/><\/p>\n<p><img alt=\"\" loading=\"lazy\" decoding=\"async\" class=\"alignnone wp-image-75073 size-full\" src=\"https:\/\/www.cordobatimes.com\/showup\/wp-content\/uploads\/2020\/01\/Nombre10-1.jpg\" alt=\"\" width=\"445\" height=\"618\" srcset=\"https:\/\/www.cordobatimes.com\/showup\/wp-content\/uploads\/2020\/01\/Nombre10-1.jpg 445w, https:\/\/www.cordobatimes.com\/showup\/wp-content\/uploads\/2020\/01\/Nombre10-1-302x420.jpg 302w\" sizes=\"auto, (max-width: 445px) 100vw, 445px\" \/><\/p>\n<p><img alt=\"\" loading=\"lazy\" decoding=\"async\" class=\"alignnone wp-image-75075 size-full\" src=\"https:\/\/www.cordobatimes.com\/showup\/wp-content\/uploads\/2020\/01\/Nombre11-1.jpg\" alt=\"\" width=\"435\" height=\"609\" srcset=\"https:\/\/www.cordobatimes.com\/showup\/wp-content\/uploads\/2020\/01\/Nombre11-1.jpg 435w, https:\/\/www.cordobatimes.com\/showup\/wp-content\/uploads\/2020\/01\/Nombre11-1-300x420.jpg 300w\" sizes=\"auto, (max-width: 435px) 100vw, 435px\" \/> <img alt=\"\" loading=\"lazy\" decoding=\"async\" class=\"alignnone wp-image-75076 size-full\" src=\"https:\/\/www.cordobatimes.com\/showup\/wp-content\/uploads\/2020\/01\/Nombre12-1.jpg\" alt=\"\" width=\"438\" height=\"622\" srcset=\"https:\/\/www.cordobatimes.com\/showup\/wp-content\/uploads\/2020\/01\/Nombre12-1.jpg 438w, https:\/\/www.cordobatimes.com\/showup\/wp-content\/uploads\/2020\/01\/Nombre12-1-296x420.jpg 296w\" sizes=\"auto, (max-width: 438px) 100vw, 438px\" \/> <img alt=\"\" loading=\"lazy\" decoding=\"async\" class=\"alignnone wp-image-75077 size-full\" src=\"https:\/\/www.cordobatimes.com\/showup\/wp-content\/uploads\/2020\/01\/Nombre13.jpg\" alt=\"\" width=\"447\" height=\"608\" srcset=\"https:\/\/www.cordobatimes.com\/showup\/wp-content\/uploads\/2020\/01\/Nombre13.jpg 447w, https:\/\/www.cordobatimes.com\/showup\/wp-content\/uploads\/2020\/01\/Nombre13-309x420.jpg 309w\" sizes=\"auto, (max-width: 447px) 100vw, 447px\" \/> <img alt=\"\" loading=\"lazy\" decoding=\"async\" class=\"alignnone wp-image-75078 size-full\" src=\"https:\/\/www.cordobatimes.com\/showup\/wp-content\/uploads\/2020\/01\/Nombre14.jpg\" alt=\"\" width=\"421\" height=\"606\" srcset=\"https:\/\/www.cordobatimes.com\/showup\/wp-content\/uploads\/2020\/01\/Nombre14.jpg 421w, https:\/\/www.cordobatimes.com\/showup\/wp-content\/uploads\/2020\/01\/Nombre14-292x420.jpg 292w\" sizes=\"auto, (max-width: 421px) 100vw, 421px\" \/> <img alt=\"\" loading=\"lazy\" decoding=\"async\" class=\"alignnone wp-image-75079 size-full\" src=\"https:\/\/www.cordobatimes.com\/showup\/wp-content\/uploads\/2020\/01\/Nombre15.jpg\" alt=\"\" width=\"450\" height=\"617\" srcset=\"https:\/\/www.cordobatimes.com\/showup\/wp-content\/uploads\/2020\/01\/Nombre15.jpg 450w, https:\/\/www.cordobatimes.com\/showup\/wp-content\/uploads\/2020\/01\/Nombre15-306x420.jpg 306w\" sizes=\"auto, (max-width: 450px) 100vw, 450px\" \/><\/p>\n","protected":false},"excerpt":{"rendered":"<p>Las celebridades asistieron a la gala en la que los cr\u00edticos premiaron a lo mejor del cine y la televisi\u00f3n de 2019. Antes, la alfombra roja se llen\u00f3 de color y variedad de dise\u00f1os.<\/p>\n","protected":false},"author":1,"featured_media":75063,"comment_status":"closed","ping_status":"closed","sticky":false,"template":"","format":"standard","meta":{"_seopress_robots_primary_cat":"","_seopress_titles_title":"","_seopress_titles_desc":"","_seopress_robots_index":"","footnotes":""},"categories":[228],"tags":[28167,28166],"class_list":{"0":"post-75062","1":"post","2":"type-post","3":"status-publish","4":"format-standard","5":"has-post-thumbnail","7":"category-moda-y-estilos","8":"tag-alfombra-roja-de-los-critics-choice-awards-2020","9":"tag-looks-de-los-critics-choice-awards-2020"},"_links":{"self":[{"href":"https:\/\/www.cordobatimes.com\/showup\/wp-json\/wp\/v2\/posts\/75062","targetHints":{"allow":["GET"]}}],"collection":[{"href":"https:\/\/www.cordobatimes.com\/showup\/wp-json\/wp\/v2\/posts"}],"about":[{"href":"https:\/\/www.cordobatimes.com\/showup\/wp-json\/wp\/v2\/types\/post"}],"author":[{"embeddable":true,"href":"https:\/\/www.cordobatimes.com\/showup\/wp-json\/wp\/v2\/users\/1"}],"replies":[{"embeddable":true,"href":"https:\/\/www.cordobatimes.com\/showup\/wp-json\/wp\/v2\/comments?post=75062"}],"version-history":[{"count":0,"href":"https:\/\/www.cordobatimes.com\/showup\/wp-json\/wp\/v2\/posts\/75062\/revisions"}],"wp:featuredmedia":[{"embeddable":true,"href":"https:\/\/www.cordobatimes.com\/showup\/wp-json\/wp\/v2\/media\/75063"}],"wp:attachment":[{"href":"https:\/\/www.cordobatimes.com\/showup\/wp-json\/wp\/v2\/media?parent=75062"}],"wp:term":[{"taxonomy":"category","embeddable":true,"href":"https:\/\/www.cordobatimes.com\/showup\/wp-json\/wp\/v2\/categories?post=75062"},{"taxonomy":"post_tag","embeddable":true,"href":"https:\/\/www.cordobatimes.com\/showup\/wp-json\/wp\/v2\/tags?post=75062"}],"curies":[{"name":"wp","href":"https:\/\/api.w.org\/{rel}","templated":true}]}}