{"id":74533,"date":"2020-01-09T12:33:55","date_gmt":"2020-01-09T15:33:55","guid":{"rendered":"https:\/\/www.cordobatimes.com\/showup\/?p=74533"},"modified":"2020-01-09T12:33:55","modified_gmt":"2020-01-09T15:33:55","slug":"como-sera-la-ceremonia-de-los-oscar-sin-anfitrion","status":"publish","type":"post","link":"https:\/\/www.cordobatimes.com\/showup\/cine-y-series\/2020\/01\/09\/como-sera-la-ceremonia-de-los-oscar-sin-anfitrion\/","title":{"rendered":"C\u00f3mo ser\u00e1 la ceremonia de los Oscar sin anfitri\u00f3n"},"content":{"rendered":"<h3><strong>El comediante Kevin Hart hab\u00eda sido originalmente anunciado como anfitri\u00f3n, pero renunci\u00f3 tras reaparecer unos tuits antigay que hab\u00eda publicado una d\u00e9cada atr\u00e1s.<\/strong><\/h3>\n<p>Por segundo a\u00f1o consecutivo, la ceremonia de los premios Oscar se realizar\u00e1 sin la ayuda de un anfitri\u00f3n. La presidenta de ABC Entertainment, Karey Burke, dijo que la gala del 9 de febrero se enfocar\u00e1 en lo que funcion\u00f3 el a\u00f1o pasado: \u00abentretenimiento de gran valor, grandes n\u00fameros musicales, mucha comedia y estrellas influyentes\u00bb.<\/p>\n<p>La ceremonia de 2019 atrajo 29,6 millones de espectadores, la segunda menor teleaudiencia en la historia de los Premios de la Academia, pero un 12% m\u00e1s que la de 2018, cuando registr\u00f3 la ca\u00edda m\u00e1s abrupta en los ratings en cuatro a\u00f1os. El comediante Kevin Hart hab\u00eda sido originalmente anunciado como anfitri\u00f3n, pero renunci\u00f3 tras reaparecer unos tuits antigay que hab\u00eda publicado una d\u00e9cada atr\u00e1s.<\/p>\n<p>ABC y la Academia de las Artes y Ciencias Cinematogr\u00e1ficas acordaron volver a prescindir de la figura del maestro de ceremonias.<\/p>\n<p>\u00abEsperamos tener un conjunto de nominaciones muy comercial\u00bb, dijo Burke en una reuni\u00f3n con cr\u00edticos de la TV el martes. \u00abSe juntaron elementos que nos convencieron de que tendremos un espect\u00e1culo muy entretenido\u00bb.<\/p>\n<p>Los nominados al Oscar se anunciar\u00e1n el lunes.<\/p>\n<p>El a\u00f1o pasado la ceremonia de los premios Emmy tampoco tuvo un anfitri\u00f3n. La pr\u00f3xima gala de esos premios se transmitir\u00e1 el 20 de septiembre por ABC y a Burke le preguntaron el martes si ten\u00eda idea de qui\u00e9n la presidir\u00e1.<\/p>\n<p>\u00abBaby Yoda\u00bb, dijo en chiste en referencia a la versi\u00f3n infante del personaje de\u00a0Star Wars\u00a0que se convirti\u00f3 en una sensaci\u00f3n instant\u00e1nea en la serie\u00a0The Mandalorian\u00a0de Disney Plus.<\/p>\n<p>&nbsp;<\/p>\n","protected":false},"excerpt":{"rendered":"<p>El comediante Kevin Hart hab\u00eda sido originalmente anunciado como anfitri\u00f3n, pero renunci\u00f3 tras reaparecer unos tuits antigay que hab\u00eda publicado una d\u00e9cada atr\u00e1s. Por segundo a\u00f1o consecutivo, la ceremonia de los premios Oscar se realizar\u00e1 sin la ayuda de un anfitri\u00f3n. La presidenta de ABC Entertainment, Karey Burke, dijo que la gala del 9 de [&hellip;]<\/p>\n","protected":false},"author":1,"featured_media":74534,"comment_status":"closed","ping_status":"closed","sticky":false,"template":"","format":"standard","meta":{"_seopress_robots_primary_cat":"","_seopress_titles_title":"","_seopress_titles_desc":"","_seopress_robots_index":"","footnotes":""},"categories":[3],"tags":[27966,27967],"class_list":{"0":"post-74533","1":"post","2":"type-post","3":"status-publish","4":"format-standard","5":"has-post-thumbnail","7":"category-cine-y-series","8":"tag-ceremonia-de-los-oscar-sin-anfitrion","9":"tag-los-premios-oscars-2020"},"_links":{"self":[{"href":"https:\/\/www.cordobatimes.com\/showup\/wp-json\/wp\/v2\/posts\/74533","targetHints":{"allow":["GET"]}}],"collection":[{"href":"https:\/\/www.cordobatimes.com\/showup\/wp-json\/wp\/v2\/posts"}],"about":[{"href":"https:\/\/www.cordobatimes.com\/showup\/wp-json\/wp\/v2\/types\/post"}],"author":[{"embeddable":true,"href":"https:\/\/www.cordobatimes.com\/showup\/wp-json\/wp\/v2\/users\/1"}],"replies":[{"embeddable":true,"href":"https:\/\/www.cordobatimes.com\/showup\/wp-json\/wp\/v2\/comments?post=74533"}],"version-history":[{"count":0,"href":"https:\/\/www.cordobatimes.com\/showup\/wp-json\/wp\/v2\/posts\/74533\/revisions"}],"wp:featuredmedia":[{"embeddable":true,"href":"https:\/\/www.cordobatimes.com\/showup\/wp-json\/wp\/v2\/media\/74534"}],"wp:attachment":[{"href":"https:\/\/www.cordobatimes.com\/showup\/wp-json\/wp\/v2\/media?parent=74533"}],"wp:term":[{"taxonomy":"category","embeddable":true,"href":"https:\/\/www.cordobatimes.com\/showup\/wp-json\/wp\/v2\/categories?post=74533"},{"taxonomy":"post_tag","embeddable":true,"href":"https:\/\/www.cordobatimes.com\/showup\/wp-json\/wp\/v2\/tags?post=74533"}],"curies":[{"name":"wp","href":"https:\/\/api.w.org\/{rel}","templated":true}]}}