{"id":74419,"date":"2020-01-08T19:30:10","date_gmt":"2020-01-08T22:30:10","guid":{"rendered":"https:\/\/www.cordobatimes.com\/showup\/?p=74419"},"modified":"2020-01-08T19:30:10","modified_gmt":"2020-01-08T22:30:10","slug":"benjamin-vicuna-recordo-a-su-hija-blanquita-duerme-tranquila-mi-nina","status":"publish","type":"post","link":"https:\/\/www.cordobatimes.com\/showup\/famosos\/2020\/01\/08\/benjamin-vicuna-recordo-a-su-hija-blanquita-duerme-tranquila-mi-nina\/","title":{"rendered":"Benjam\u00edn Vicu\u00f1a record\u00f3 a su hija Blanquita:  \u00abDuerme tranquila, mi ni\u00f1a\u00bb"},"content":{"rendered":"<h3><strong>A siete a\u00f1os y cuatro meses de su partida, el actor comparti\u00f3 la misma frase que escribi\u00f3 a d\u00edas de conocerse la triste noticia.<\/strong><\/h3>\n<p>El 8 de septiembre de 2012 qued\u00f3 marcado en el coraz\u00f3n de\u00a0Carolina \u00abPampita\u00bb Ardohain\u00a0y\u00a0Benjam\u00edn Vicu\u00f1a\u00a0como el d\u00eda m\u00e1s triste de sus vidas: el de la partida de su hija\u00a0Blanca. La ni\u00f1a, que ten\u00eda 6 a\u00f1os, falleci\u00f3 a ra\u00edz de una neumon\u00eda hemorr\u00e1gica en la cl\u00ednica Las Condes de Santiago de Chile y desde entonces, los pap\u00e1s recuerdan a su peque\u00f1a todos los 8 de cada mes.<\/p>\n<p>A siete a\u00f1os y cuatro meses de la muerte de la ni\u00f1a, el actor volvi\u00f3 a recurrir a las redes para homenajear a Blanquita: \u00abDuerme tranquila, mi ni\u00f1a\u00bb, escribi\u00f3 en su cuenta personal de\u00a0Instagram, junto a una postal en la que se lo ve sonriendo a c\u00e1mara mientras su hija duerme a su lado.<\/p>\n<p>En septiembre de 2012 y a d\u00edas de la terrible noticia, Vicu\u00f1a hab\u00eda publicado en\u00a0Twitter\u00a0exactamente la misma frase acompa\u00f1ada de otra postal de la nena durmiendo pl\u00e1cidamente en sus brazos mientras \u00e9l la mira dulcemente.<\/p>\n<p>Fueron muchas las veces que Benjam\u00edn abri\u00f3 su coraz\u00f3n para hablar del momento m\u00e1s doloroso que le toc\u00f3 atravesar. En agosto pasado, el chileno\u00a0cont\u00f3 c\u00f3mo logr\u00f3 vencer la nostalgia al recordarla: \u201cA Blanca la recuerdo todos los d\u00edas, todo el tiempo&#8230; No tanto en la nostalgia ya que no es muy constructiva. La recuerdo viendo a mis hijos; en sus risas; sus canciones; sus juegos. Est\u00e1 permanentemente al lado m\u00edo. Pensarla as\u00ed tambi\u00e9n es una forma muy potente de no tenerle miedo a la muerte\u00bb, hab\u00eda compartido en di\u00e1logo con la revista\u00a0Caras, a flor de piel.<\/p>\n<blockquote class=\"instagram-media\" style=\"background: #FFF; border: 0; border-radius: 3px; box-shadow: 0 0 1px 0 rgba(0,0,0,0.5),0 1px 10px 0 rgba(0,0,0,0.15); margin: 1px; max-width: 540px; min-width: 326px; padding: 0; width: calc(100% - 2px);\" data-instgrm-captioned=\"\" data-instgrm-permalink=\"https:\/\/www.instagram.com\/p\/B7ENVaflkce\/?utm_source=ig_embed&amp;utm_campaign=loading\" data-instgrm-version=\"12\">\n<div style=\"padding: 16px;\">\n<p>&nbsp;<\/p>\n<div style=\"display: flex; flex-direction: row; align-items: center;\">\n<div style=\"background-color: #f4f4f4; border-radius: 50%; flex-grow: 0; height: 40px; margin-right: 14px; width: 40px;\"><\/div>\n<div style=\"display: flex; flex-direction: column; flex-grow: 1; justify-content: center;\">\n<div style=\"background-color: #f4f4f4; border-radius: 4px; flex-grow: 0; height: 14px; margin-bottom: 6px; width: 100px;\"><\/div>\n<div style=\"background-color: #f4f4f4; border-radius: 4px; flex-grow: 0; height: 14px; width: 60px;\"><\/div>\n<\/div>\n<\/div>\n<div style=\"padding: 19% 0;\"><\/div>\n<div style=\"display: block; height: 50px; margin: 0 auto 12px; width: 50px;\"><\/div>\n<div style=\"padding-top: 8px;\">\n<div style=\"color: #3897f0; font-family: Arial,sans-serif; font-size: 14px; font-style: normal; font-weight: 550; line-height: 18px;\">Ver esta publicaci\u00f3n en Instagram<\/div>\n<\/div>\n<div style=\"padding: 12.5% 0;\"><\/div>\n<div style=\"display: flex; flex-direction: row; margin-bottom: 14px; align-items: center;\">\n<div>\n<div style=\"background-color: #f4f4f4; border-radius: 50%; height: 12.5px; width: 12.5px; transform: translateX(0px) translateY(7px);\"><\/div>\n<div style=\"background-color: #f4f4f4; height: 12.5px; transform: rotate(-45deg) translateX(3px) translateY(1px); width: 12.5px; flex-grow: 0; margin-right: 14px; margin-left: 2px;\"><\/div>\n<div style=\"background-color: #f4f4f4; border-radius: 50%; height: 12.5px; width: 12.5px; transform: translateX(9px) translateY(-18px);\"><\/div>\n<\/div>\n<div style=\"margin-left: 8px;\">\n<div style=\"background-color: #f4f4f4; border-radius: 50%; flex-grow: 0; height: 20px; width: 20px;\"><\/div>\n<div style=\"width: 0; height: 0; border-top: 2px solid transparent; border-left: 6px solid #f4f4f4; border-bottom: 2px solid transparent; transform: translateX(16px) translateY(-4px) rotate(30deg);\"><\/div>\n<\/div>\n<div style=\"margin-left: auto;\">\n<div style=\"width: 0px; border-top: 8px solid #F4F4F4; border-right: 8px solid transparent; transform: translateY(16px);\"><\/div>\n<div style=\"background-color: #f4f4f4; flex-grow: 0; height: 12px; width: 16px; transform: translateY(-4px);\"><\/div>\n<div style=\"width: 0; height: 0; border-top: 8px solid #F4F4F4; border-left: 8px solid transparent; transform: translateY(-4px) translateX(8px);\"><\/div>\n<\/div>\n<\/div>\n<p>&nbsp;<\/p>\n<p style=\"margin: 8px 0 0 0; padding: 0 4px;\"><a style=\"color: #000; font-family: Arial,sans-serif; font-size: 14px; font-style: normal; font-weight: normal; line-height: 17px; text-decoration: none; word-wrap: break-word;\" href=\"https:\/\/www.instagram.com\/p\/B7ENVaflkce\/?utm_source=ig_embed&amp;utm_campaign=loading\" target=\"_blank\" rel=\"noopener noreferrer\">Duerme tranquila, mi ni\u00f1a.<\/a><\/p>\n<p style=\"color: #c9c8cd; font-family: Arial,sans-serif; font-size: 14px; line-height: 17px; margin-bottom: 0; margin-top: 8px; overflow: hidden; padding: 8px 0 7px; text-align: center; text-overflow: ellipsis; white-space: nowrap;\">Una publicaci\u00f3n compartida de <a style=\"color: #c9c8cd; font-family: Arial,sans-serif; font-size: 14px; font-style: normal; font-weight: normal; line-height: 17px;\" href=\"https:\/\/www.instagram.com\/benjavicunamori\/?utm_source=ig_embed&amp;utm_campaign=loading\" target=\"_blank\" rel=\"noopener noreferrer\"> Benjam\u00edn Vicu\u00f1a<\/a> (@benjavicunamori) el <time style=\"font-family: Arial,sans-serif; font-size: 14px; line-height: 17px;\" datetime=\"2020-01-08T16:41:59+00:00\">8 Ene, 2020 a las 8:41 PST<\/time><\/p>\n<\/div>\n<\/blockquote>\n<p><script async src=\"\/\/www.instagram.com\/embed.js\"><\/script><\/p>\n","protected":false},"excerpt":{"rendered":"<p>A siete a\u00f1os y cuatro meses de su partida, el actor comparti\u00f3 la misma frase que escribi\u00f3 a d\u00edas de conocerse la triste noticia. El 8 de septiembre de 2012 qued\u00f3 marcado en el coraz\u00f3n de\u00a0Carolina \u00abPampita\u00bb Ardohain\u00a0y\u00a0Benjam\u00edn Vicu\u00f1a\u00a0como el d\u00eda m\u00e1s triste de sus vidas: el de la partida de su hija\u00a0Blanca. La ni\u00f1a, [&hellip;]<\/p>\n","protected":false},"author":1,"featured_media":74420,"comment_status":"closed","ping_status":"closed","sticky":false,"template":"","format":"standard","meta":{"_seopress_robots_primary_cat":"","_seopress_titles_title":"","_seopress_titles_desc":"","_seopress_robots_index":"","footnotes":""},"categories":[4],"tags":[27918,26395,27363],"class_list":{"0":"post-74419","1":"post","2":"type-post","3":"status-publish","4":"format-standard","5":"has-post-thumbnail","7":"category-famosos","8":"tag-7-anos-de-la-muerte-de-blanca-vicuna","9":"tag-benjamin-vicuna-blanca-vicuna","10":"tag-hijos-de-pampita-y-benjamin-vicuna"},"_links":{"self":[{"href":"https:\/\/www.cordobatimes.com\/showup\/wp-json\/wp\/v2\/posts\/74419","targetHints":{"allow":["GET"]}}],"collection":[{"href":"https:\/\/www.cordobatimes.com\/showup\/wp-json\/wp\/v2\/posts"}],"about":[{"href":"https:\/\/www.cordobatimes.com\/showup\/wp-json\/wp\/v2\/types\/post"}],"author":[{"embeddable":true,"href":"https:\/\/www.cordobatimes.com\/showup\/wp-json\/wp\/v2\/users\/1"}],"replies":[{"embeddable":true,"href":"https:\/\/www.cordobatimes.com\/showup\/wp-json\/wp\/v2\/comments?post=74419"}],"version-history":[{"count":0,"href":"https:\/\/www.cordobatimes.com\/showup\/wp-json\/wp\/v2\/posts\/74419\/revisions"}],"wp:featuredmedia":[{"embeddable":true,"href":"https:\/\/www.cordobatimes.com\/showup\/wp-json\/wp\/v2\/media\/74420"}],"wp:attachment":[{"href":"https:\/\/www.cordobatimes.com\/showup\/wp-json\/wp\/v2\/media?parent=74419"}],"wp:term":[{"taxonomy":"category","embeddable":true,"href":"https:\/\/www.cordobatimes.com\/showup\/wp-json\/wp\/v2\/categories?post=74419"},{"taxonomy":"post_tag","embeddable":true,"href":"https:\/\/www.cordobatimes.com\/showup\/wp-json\/wp\/v2\/tags?post=74419"}],"curies":[{"name":"wp","href":"https:\/\/api.w.org\/{rel}","templated":true}]}}