{"id":74404,"date":"2020-01-08T11:22:21","date_gmt":"2020-01-08T14:22:21","guid":{"rendered":"https:\/\/www.cordobatimes.com\/showup\/?p=74404"},"modified":"2020-01-08T11:22:21","modified_gmt":"2020-01-08T14:22:21","slug":"el-video-de-fede-bal-en-el-dia-del-cumpleanos-de-santiago-bal","status":"publish","type":"post","link":"https:\/\/www.cordobatimes.com\/showup\/famosos\/2020\/01\/08\/el-video-de-fede-bal-en-el-dia-del-cumpleanos-de-santiago-bal\/","title":{"rendered":"El video de Fede Bal en el d\u00eda del cumplea\u00f1os de Santiago Bal"},"content":{"rendered":"<h3><strong>El actor le dedic\u00f3 unas emotivas palabras a su pap\u00e1 que hubiera festejado sus 84 a\u00f1os.<\/strong><\/h3>\n<p>A menos de un mes de la muerte de\u00a0Santiago Bal,\u00a0Fede Bal\u00a0quiso recordar a su padre en una significativa fecha: el d\u00eda de su nacimiento. El actor comparti\u00f3 un video del backstage de la pel\u00edcula que film\u00f3 con su pap\u00e1, junto a palabras de amor para el capoc\u00f3mico que hubiera cumplido 84 a\u00f1os.<\/p>\n<p>\u201cHace unos d\u00edas un amigo me pas\u00f3 este v\u00eddeo. Est\u00e1bamos filmando\u00a0Rumbo al mar\u00a0y entre escena y escena repas\u00e1bamos la letra. Hoy que ya no est\u00e1s no puedo creer lo real que siento tus palabras\u201d, escribi\u00f3 Fede, sensibilizado.<\/p>\n<p>\u201cDentro de poco tiempo vamos a poder compartir con ustedes esta hermosa pel\u00edcula. Hoy, 7 de enero, en el d\u00eda de tu cumple, me pareci\u00f3 un buen momento compartirlo. Porque as\u00ed me acuerdo de vos, siempre en acci\u00f3n. Amando tu profesi\u00f3n. Siendo muy feliz. Te celebro viejo, donde sea que est\u00e9s. Feliz cumple, pa\u201d, finaliz\u00f3\u00a0Fede Bal, remarcando el legado de Santiago Bal, su padre.<\/p>\n<blockquote class=\"instagram-media\" style=\"background: #FFF; border: 0; border-radius: 3px; box-shadow: 0 0 1px 0 rgba(0,0,0,0.5),0 1px 10px 0 rgba(0,0,0,0.15); margin: 1px; max-width: 540px; min-width: 326px; padding: 0; width: calc(100% - 2px);\" data-instgrm-captioned=\"\" data-instgrm-permalink=\"https:\/\/www.instagram.com\/p\/B7CJqvggawE\/?utm_source=ig_embed&amp;utm_campaign=loading\" data-instgrm-version=\"12\">\n<div style=\"padding: 16px;\">\n<p>&nbsp;<\/p>\n<div style=\"display: flex; flex-direction: row; align-items: center;\">\n<div style=\"background-color: #f4f4f4; border-radius: 50%; flex-grow: 0; height: 40px; margin-right: 14px; width: 40px;\"><\/div>\n<div style=\"display: flex; flex-direction: column; flex-grow: 1; justify-content: center;\">\n<div style=\"background-color: #f4f4f4; border-radius: 4px; flex-grow: 0; height: 14px; margin-bottom: 6px; width: 100px;\"><\/div>\n<div style=\"background-color: #f4f4f4; border-radius: 4px; flex-grow: 0; height: 14px; width: 60px;\"><\/div>\n<\/div>\n<\/div>\n<div style=\"padding: 19% 0;\"><\/div>\n<div style=\"display: block; height: 50px; margin: 0 auto 12px; width: 50px;\"><\/div>\n<div style=\"padding-top: 8px;\">\n<div style=\"color: #3897f0; font-family: Arial,sans-serif; font-size: 14px; font-style: normal; font-weight: 550; line-height: 18px;\">Ver esta publicaci\u00f3n en Instagram<\/div>\n<\/div>\n<div style=\"padding: 12.5% 0;\"><\/div>\n<div style=\"display: flex; flex-direction: row; margin-bottom: 14px; align-items: center;\">\n<div>\n<div style=\"background-color: #f4f4f4; border-radius: 50%; height: 12.5px; width: 12.5px; transform: translateX(0px) translateY(7px);\"><\/div>\n<div style=\"background-color: #f4f4f4; height: 12.5px; transform: rotate(-45deg) translateX(3px) translateY(1px); width: 12.5px; flex-grow: 0; margin-right: 14px; margin-left: 2px;\"><\/div>\n<div style=\"background-color: #f4f4f4; border-radius: 50%; height: 12.5px; width: 12.5px; transform: translateX(9px) translateY(-18px);\"><\/div>\n<\/div>\n<div style=\"margin-left: 8px;\">\n<div style=\"background-color: #f4f4f4; border-radius: 50%; flex-grow: 0; height: 20px; width: 20px;\"><\/div>\n<div style=\"width: 0; height: 0; border-top: 2px solid transparent; border-left: 6px solid #f4f4f4; border-bottom: 2px solid transparent; transform: translateX(16px) translateY(-4px) rotate(30deg);\"><\/div>\n<\/div>\n<div style=\"margin-left: auto;\">\n<div style=\"width: 0px; border-top: 8px solid #F4F4F4; border-right: 8px solid transparent; transform: translateY(16px);\"><\/div>\n<div style=\"background-color: #f4f4f4; flex-grow: 0; height: 12px; width: 16px; transform: translateY(-4px);\"><\/div>\n<div style=\"width: 0; height: 0; border-top: 8px solid #F4F4F4; border-left: 8px solid transparent; transform: translateY(-4px) translateX(8px);\"><\/div>\n<\/div>\n<\/div>\n<p>&nbsp;<\/p>\n<p style=\"margin: 8px 0 0 0; padding: 0 4px;\"><a style=\"color: #000; font-family: Arial,sans-serif; font-size: 14px; font-style: normal; font-weight: normal; line-height: 17px; text-decoration: none; word-wrap: break-word;\" href=\"https:\/\/www.instagram.com\/p\/B7CJqvggawE\/?utm_source=ig_embed&amp;utm_campaign=loading\" target=\"_blank\" rel=\"noopener noreferrer\">Hace unos d\u00edas un amigo me paso este v\u00eddeo. Est\u00e1bamos filmando \u201cRumbo al mar\u201d y entre escena y escena repas\u00e1bamos la letra. Hoy que ya no estas no puedo creer lo real que siento tus palabras. Dentro de poco tiempo vamos a poder compartir con ustedes esta hermosa pel\u00edcula. Hoy, 7 de enero, en el d\u00eda de tu cumple, me pareci\u00f3 un buen momento compartirlo. Porque as\u00ed me acuerdo de vos, siempre en acci\u00f3n. Amando tu profesi\u00f3n. Siendo muy feliz. Te celebro viejo, donde sea que estes. Feliz cumple pa.<\/a><\/p>\n<p style=\"color: #c9c8cd; font-family: Arial,sans-serif; font-size: 14px; line-height: 17px; margin-bottom: 0; margin-top: 8px; overflow: hidden; padding: 8px 0 7px; text-align: center; text-overflow: ellipsis; white-space: nowrap;\">Una publicaci\u00f3n compartida de <a style=\"color: #c9c8cd; font-family: Arial,sans-serif; font-size: 14px; font-style: normal; font-weight: normal; line-height: 17px;\" href=\"https:\/\/www.instagram.com\/balfederico\/?utm_source=ig_embed&amp;utm_campaign=loading\" target=\"_blank\" rel=\"noopener noreferrer\"> Federico Bal<\/a> (@balfederico) el <time style=\"font-family: Arial,sans-serif; font-size: 14px; line-height: 17px;\" datetime=\"2020-01-07T21:32:23+00:00\">7 Ene, 2020 a las 1:32 PST<\/time><\/p>\n<\/div>\n<\/blockquote>\n<p><script async src=\"\/\/www.instagram.com\/embed.js\"><\/script><\/p>\n","protected":false},"excerpt":{"rendered":"<p>El actor le dedic\u00f3 unas emotivas palabras a su pap\u00e1 que hubiera festejado sus 84 a\u00f1os. A menos de un mes de la muerte de\u00a0Santiago Bal,\u00a0Fede Bal\u00a0quiso recordar a su padre en una significativa fecha: el d\u00eda de su nacimiento. El actor comparti\u00f3 un video del backstage de la pel\u00edcula que film\u00f3 con su pap\u00e1, [&hellip;]<\/p>\n","protected":false},"author":1,"featured_media":74405,"comment_status":"closed","ping_status":"closed","sticky":false,"template":"","format":"standard","meta":{"_seopress_robots_primary_cat":"","_seopress_titles_title":"","_seopress_titles_desc":"","_seopress_robots_index":"","footnotes":""},"categories":[4],"tags":[27910,26849,26846],"class_list":{"0":"post-74404","1":"post","2":"type-post","3":"status-publish","4":"format-standard","5":"has-post-thumbnail","7":"category-famosos","8":"tag-cumpleanos-de-santiago-bal","9":"tag-fede-bal-santiago-bal","10":"tag-muerte-de-santiago-bal"},"_links":{"self":[{"href":"https:\/\/www.cordobatimes.com\/showup\/wp-json\/wp\/v2\/posts\/74404","targetHints":{"allow":["GET"]}}],"collection":[{"href":"https:\/\/www.cordobatimes.com\/showup\/wp-json\/wp\/v2\/posts"}],"about":[{"href":"https:\/\/www.cordobatimes.com\/showup\/wp-json\/wp\/v2\/types\/post"}],"author":[{"embeddable":true,"href":"https:\/\/www.cordobatimes.com\/showup\/wp-json\/wp\/v2\/users\/1"}],"replies":[{"embeddable":true,"href":"https:\/\/www.cordobatimes.com\/showup\/wp-json\/wp\/v2\/comments?post=74404"}],"version-history":[{"count":0,"href":"https:\/\/www.cordobatimes.com\/showup\/wp-json\/wp\/v2\/posts\/74404\/revisions"}],"wp:featuredmedia":[{"embeddable":true,"href":"https:\/\/www.cordobatimes.com\/showup\/wp-json\/wp\/v2\/media\/74405"}],"wp:attachment":[{"href":"https:\/\/www.cordobatimes.com\/showup\/wp-json\/wp\/v2\/media?parent=74404"}],"wp:term":[{"taxonomy":"category","embeddable":true,"href":"https:\/\/www.cordobatimes.com\/showup\/wp-json\/wp\/v2\/categories?post=74404"},{"taxonomy":"post_tag","embeddable":true,"href":"https:\/\/www.cordobatimes.com\/showup\/wp-json\/wp\/v2\/tags?post=74404"}],"curies":[{"name":"wp","href":"https:\/\/api.w.org\/{rel}","templated":true}]}}