{"id":74124,"date":"2020-01-06T12:13:47","date_gmt":"2020-01-06T15:13:47","guid":{"rendered":"https:\/\/www.cordobatimes.com\/showup\/?p=74124"},"modified":"2020-01-06T12:13:47","modified_gmt":"2020-01-06T15:13:47","slug":"todos-los-looks-de-los-globos-de-oro-2020","status":"publish","type":"post","link":"https:\/\/www.cordobatimes.com\/showup\/moda-y-estilos\/2020\/01\/06\/todos-los-looks-de-los-globos-de-oro-2020\/","title":{"rendered":"Todos los looks de los Globos de Oro 2020"},"content":{"rendered":"<h3><strong>En el Beverly Hilton Hotel de Los \u00c1ngeles se lleva a cabo 77\u00aa edici\u00f3n en el que compiten 20 producciones cinematogr\u00e1ficas y 15 ficciones para televisi\u00f3n.<\/strong><\/h3>\n<p>Ac\u00e1 los looks de las celebridades.<\/p>\n<h3><strong>Dakota Fanning <\/strong><\/h3>\n<p>Lleg\u00f3 a la red carpet de Los \u00c1ngeles con un vestido lila estilo princesa con mangas cortas abullonadas y corte en la cintura. Complet\u00f3 su look con un collar y anillos de brillantes<\/p>\n<p><img alt=\"\" loading=\"lazy\" decoding=\"async\" class=\"alignnone wp-image-74126 size-full\" src=\"https:\/\/www.cordobatimes.com\/showup\/wp-content\/uploads\/2020\/01\/Nombre-2.jpg\" alt=\"\" width=\"415\" height=\"617\" srcset=\"https:\/\/www.cordobatimes.com\/showup\/wp-content\/uploads\/2020\/01\/Nombre-2.jpg 415w, https:\/\/www.cordobatimes.com\/showup\/wp-content\/uploads\/2020\/01\/Nombre-2-282x420.jpg 282w\" sizes=\"auto, (max-width: 415px) 100vw, 415px\" \/><\/p>\n<h3><strong>Kirsten Dunst<\/strong><\/h3>\n<p>La actriz\u00a0 eligi\u00f3 para los Golden Globes un vestido de encaje rosa con cuello cisne, mangas japonesas y silueta sirena que combin\u00f3 con peque\u00f1os aros.<\/p>\n<p><img alt=\"\" loading=\"lazy\" decoding=\"async\" class=\"alignnone wp-image-74127 size-full\" src=\"https:\/\/www.cordobatimes.com\/showup\/wp-content\/uploads\/2020\/01\/Nombre1.jpg\" alt=\"\" width=\"410\" height=\"619\" srcset=\"https:\/\/www.cordobatimes.com\/showup\/wp-content\/uploads\/2020\/01\/Nombre1.jpg 410w, https:\/\/www.cordobatimes.com\/showup\/wp-content\/uploads\/2020\/01\/Nombre1-278x420.jpg 278w\" sizes=\"auto, (max-width: 410px) 100vw, 410px\" \/><\/p>\n<p>&nbsp;<\/p>\n<h3><strong>Jennifer Aniston <\/strong><\/h3>\n<p>Deslumbr\u00f3 con su look total black con un strapless con cola y corte en la cintura. Complet\u00f3 su look con una gargantilla de brillantes y anillos.<\/p>\n<p><img alt=\"\" loading=\"lazy\" decoding=\"async\" class=\"alignnone wp-image-74128 size-full\" src=\"https:\/\/www.cordobatimes.com\/showup\/wp-content\/uploads\/2020\/01\/Nombre2.jpg\" alt=\"\" width=\"406\" height=\"606\" srcset=\"https:\/\/www.cordobatimes.com\/showup\/wp-content\/uploads\/2020\/01\/Nombre2.jpg 406w, https:\/\/www.cordobatimes.com\/showup\/wp-content\/uploads\/2020\/01\/Nombre2-281x420.jpg 281w\" sizes=\"auto, (max-width: 406px) 100vw, 406px\" \/><\/p>\n<p>&nbsp;<\/p>\n<h3><strong>Pedro Almod\u00f3var<\/strong><\/h3>\n<p><img alt=\"\" loading=\"lazy\" decoding=\"async\" class=\"alignnone wp-image-74129 size-full\" src=\"https:\/\/www.cordobatimes.com\/showup\/wp-content\/uploads\/2020\/01\/Nombre3.jpg\" alt=\"\" width=\"412\" height=\"615\" srcset=\"https:\/\/www.cordobatimes.com\/showup\/wp-content\/uploads\/2020\/01\/Nombre3.jpg 412w, https:\/\/www.cordobatimes.com\/showup\/wp-content\/uploads\/2020\/01\/Nombre3-281x420.jpg 281w\" sizes=\"auto, (max-width: 412px) 100vw, 412px\" \/><\/p>\n<p>Eligi\u00f3 para la red carpet de los Golden Globe un traje negro pero a diferencia de una camisa opt\u00f3 por una polera negra. Como complemento, llev\u00f3 sus caracter\u00edsticas gafas negras.<\/p>\n<h3><strong>Margot Robbie<\/strong><\/h3>\n<p><img alt=\"\" loading=\"lazy\" decoding=\"async\" class=\"alignnone wp-image-74130 size-full\" src=\"https:\/\/www.cordobatimes.com\/showup\/wp-content\/uploads\/2020\/01\/Nombre4.jpg\" alt=\"\" width=\"422\" height=\"617\" srcset=\"https:\/\/www.cordobatimes.com\/showup\/wp-content\/uploads\/2020\/01\/Nombre4.jpg 422w, https:\/\/www.cordobatimes.com\/showup\/wp-content\/uploads\/2020\/01\/Nombre4-287x420.jpg 287w\" sizes=\"auto, (max-width: 422px) 100vw, 422px\" \/><\/p>\n<p>Opt\u00f3 por un vestido que combin\u00f3 la tendencia del blanco con las lentejuelas. Un top \u00edntegramente bordado y una falda con bolsillos by Chanel<\/p>\n<p>&nbsp;<\/p>\n<h3><strong>Nicole Kidman<\/strong><\/h3>\n<p><img alt=\"\" loading=\"lazy\" decoding=\"async\" class=\"alignnone wp-image-74131 size-full\" src=\"https:\/\/www.cordobatimes.com\/showup\/wp-content\/uploads\/2020\/01\/Nombre5.jpg\" alt=\"\" width=\"409\" height=\"611\" srcset=\"https:\/\/www.cordobatimes.com\/showup\/wp-content\/uploads\/2020\/01\/Nombre5.jpg 409w, https:\/\/www.cordobatimes.com\/showup\/wp-content\/uploads\/2020\/01\/Nombre5-281x420.jpg 281w\" sizes=\"auto, (max-width: 409px) 100vw, 409px\" \/><\/p>\n<p>Apost\u00f3 a un total red look strapless con un gran tajo en la falda. Complet\u00f3 su look con una cartera dorada, sandalias con pulsera en color rojo con detalles dorados y joyas de brillantes<\/p>\n<h3><\/h3>\n<h3><strong>Charlize Theron<\/strong><\/h3>\n<p><img alt=\"\" loading=\"lazy\" decoding=\"async\" class=\"alignnone wp-image-74132 size-full\" src=\"https:\/\/www.cordobatimes.com\/showup\/wp-content\/uploads\/2020\/01\/Nombre6.jpg\" alt=\"\" width=\"412\" height=\"607\" srcset=\"https:\/\/www.cordobatimes.com\/showup\/wp-content\/uploads\/2020\/01\/Nombre6.jpg 412w, https:\/\/www.cordobatimes.com\/showup\/wp-content\/uploads\/2020\/01\/Nombre6-285x420.jpg 285w\" sizes=\"auto, (max-width: 412px) 100vw, 412px\" \/><\/p>\n<p>Luci\u00f3 un vestido bicolor en verde y negro con bustier by Christian Dior y capa a tono. Complet\u00f3 su look con una gargantilla con esmeralda y brillantes<\/p>\n<p>&nbsp;<\/p>\n<h3><strong>Ellen DeGeneres<\/strong><\/h3>\n<p><img alt=\"\" loading=\"lazy\" decoding=\"async\" class=\"alignnone wp-image-74133 size-full\" src=\"https:\/\/www.cordobatimes.com\/showup\/wp-content\/uploads\/2020\/01\/Nombre7.jpg\" alt=\"\" width=\"406\" height=\"617\" srcset=\"https:\/\/www.cordobatimes.com\/showup\/wp-content\/uploads\/2020\/01\/Nombre7.jpg 406w, https:\/\/www.cordobatimes.com\/showup\/wp-content\/uploads\/2020\/01\/Nombre7-276x420.jpg 276w\" sizes=\"auto, (max-width: 406px) 100vw, 406px\" \/><\/p>\n<p>No defraud\u00f3 con su esmoquin brillante<\/p>\n<p>&nbsp;<\/p>\n<h3><strong>Alex Rodriguez y Jennifer Lopez\u00a0<\/strong><\/h3>\n<p><img alt=\"\" loading=\"lazy\" decoding=\"async\" class=\"alignnone wp-image-74134 size-full\" src=\"https:\/\/www.cordobatimes.com\/showup\/wp-content\/uploads\/2020\/01\/Nombre8.jpg\" alt=\"\" width=\"411\" height=\"620\" srcset=\"https:\/\/www.cordobatimes.com\/showup\/wp-content\/uploads\/2020\/01\/Nombre8.jpg 411w, https:\/\/www.cordobatimes.com\/showup\/wp-content\/uploads\/2020\/01\/Nombre8-278x420.jpg 278w\" sizes=\"auto, (max-width: 411px) 100vw, 411px\" \/><\/p>\n<p>Llegaron a la alfombra roja de los Golden Globe con sus outfits. \u00c9l con un impecable black tie. JLO impact\u00f3 con un gigante mo\u00f1o en dorado y verde<\/p>\n<p>&nbsp;<\/p>\n<h3><strong>Cate Blanchett<\/strong><\/h3>\n<p><img alt=\"\" loading=\"lazy\" decoding=\"async\" class=\"alignnone wp-image-74135 size-full\" src=\"https:\/\/www.cordobatimes.com\/showup\/wp-content\/uploads\/2020\/01\/Nombre9.jpg\" alt=\"\" width=\"402\" height=\"624\" srcset=\"https:\/\/www.cordobatimes.com\/showup\/wp-content\/uploads\/2020\/01\/Nombre9.jpg 402w, https:\/\/www.cordobatimes.com\/showup\/wp-content\/uploads\/2020\/01\/Nombre9-271x420.jpg 271w\" sizes=\"auto, (max-width: 402px) 100vw, 402px\" \/><\/p>\n<p>La actriz lleg\u00f3 a la alfombra roja de Los \u00c1ngeles con un imponente vestido amarillo con mangas abullonadas y bordado en la parte superior que combin\u00f3 con peque\u00f1os aros joya en dorado y perlas<\/p>\n<p>&nbsp;<\/p>\n<h3><strong>Taylor Swift\u00a0<\/strong><\/h3>\n<p><img alt=\"\" loading=\"lazy\" decoding=\"async\" class=\"alignnone wp-image-74136 size-full\" src=\"https:\/\/www.cordobatimes.com\/showup\/wp-content\/uploads\/2020\/01\/Nombre10.jpg\" alt=\"\" width=\"964\" height=\"615\" srcset=\"https:\/\/www.cordobatimes.com\/showup\/wp-content\/uploads\/2020\/01\/Nombre10.jpg 964w, https:\/\/www.cordobatimes.com\/showup\/wp-content\/uploads\/2020\/01\/Nombre10-658x420.jpg 658w, https:\/\/www.cordobatimes.com\/showup\/wp-content\/uploads\/2020\/01\/Nombre10-768x490.jpg 768w, https:\/\/www.cordobatimes.com\/showup\/wp-content\/uploads\/2020\/01\/Nombre10-696x444.jpg 696w\" sizes=\"auto, (max-width: 964px) 100vw, 964px\" \/><\/p>\n<p>Lleg\u00f3 a la alfombra roja de los Golden Globe con un vestido volum\u00e9trico con estampado de flores en color azul y amarillo con escote en U y un tri\u00e1ngulo en la parte superior de la pieza. El dise\u00f1o confeccionado en tafet\u00e1n estuvo firmado por Etro<\/p>\n<p>&nbsp;<\/p>\n<h3><strong>Scarlett Johansson y Colin Jost<\/strong><\/h3>\n<p><img alt=\"\" loading=\"lazy\" decoding=\"async\" class=\"alignnone wp-image-74137 size-full\" src=\"https:\/\/www.cordobatimes.com\/showup\/wp-content\/uploads\/2020\/01\/Nombre11.jpg\" alt=\"\" width=\"896\" height=\"611\" srcset=\"https:\/\/www.cordobatimes.com\/showup\/wp-content\/uploads\/2020\/01\/Nombre11.jpg 896w, https:\/\/www.cordobatimes.com\/showup\/wp-content\/uploads\/2020\/01\/Nombre11-616x420.jpg 616w, https:\/\/www.cordobatimes.com\/showup\/wp-content\/uploads\/2020\/01\/Nombre11-768x524.jpg 768w, https:\/\/www.cordobatimes.com\/showup\/wp-content\/uploads\/2020\/01\/Nombre11-218x150.jpg 218w, https:\/\/www.cordobatimes.com\/showup\/wp-content\/uploads\/2020\/01\/Nombre11-696x475.jpg 696w\" sizes=\"auto, (max-width: 896px) 100vw, 896px\" \/><\/p>\n<p>\u00c9l luci\u00f3 un black tie de saco combinado con chiff\u00f3n. La actriz opt\u00f3 por un vestido de tafet\u00e1n rojo sirena con gran escote V y cola. Complet\u00f3 su look con gargantilla de brillantes y peque\u00f1os aros<\/p>\n<p>&nbsp;<\/p>\n<h3><strong>Sofia Carson\u00a0<\/strong><\/h3>\n<p><img alt=\"\" loading=\"lazy\" decoding=\"async\" class=\"alignnone wp-image-74138 size-full\" src=\"https:\/\/www.cordobatimes.com\/showup\/wp-content\/uploads\/2020\/01\/Nombre12.jpg\" alt=\"\" width=\"884\" height=\"616\" srcset=\"https:\/\/www.cordobatimes.com\/showup\/wp-content\/uploads\/2020\/01\/Nombre12.jpg 884w, https:\/\/www.cordobatimes.com\/showup\/wp-content\/uploads\/2020\/01\/Nombre12-603x420.jpg 603w, https:\/\/www.cordobatimes.com\/showup\/wp-content\/uploads\/2020\/01\/Nombre12-768x535.jpg 768w, https:\/\/www.cordobatimes.com\/showup\/wp-content\/uploads\/2020\/01\/Nombre12-100x70.jpg 100w, https:\/\/www.cordobatimes.com\/showup\/wp-content\/uploads\/2020\/01\/Nombre12-696x485.jpg 696w\" sizes=\"auto, (max-width: 884px) 100vw, 884px\" \/><\/p>\n<p>Vestido strapless con detalles de plumas y falda de tul. Complet\u00f3 su look con unos peque\u00f1os aros joya y asisti\u00f3 a la ceremonia sin cartera.<\/p>\n<p>&nbsp;<\/p>\n","protected":false},"excerpt":{"rendered":"<p>En el Beverly Hilton Hotel de Los \u00c1ngeles se lleva a cabo 77\u00aa edici\u00f3n en el que compiten 20 producciones cinematogr\u00e1ficas y 15 ficciones para televisi\u00f3n. Ac\u00e1 los looks de las celebridades. Dakota Fanning Lleg\u00f3 a la red carpet de Los \u00c1ngeles con un vestido lila estilo princesa con mangas cortas abullonadas y corte en [&hellip;]<\/p>\n","protected":false},"author":1,"featured_media":74125,"comment_status":"closed","ping_status":"closed","sticky":false,"template":"","format":"standard","meta":{"_seopress_robots_primary_cat":"","_seopress_titles_title":"","_seopress_titles_desc":"","_seopress_robots_index":"","footnotes":""},"categories":[228],"tags":[27812,27811],"class_list":{"0":"post-74124","1":"post","2":"type-post","3":"status-publish","4":"format-standard","5":"has-post-thumbnail","7":"category-moda-y-estilos","8":"tag-alfombra-roja-de-globos-de-oro-2020","9":"tag-looks-de-los-globos-de-oro-2020"},"_links":{"self":[{"href":"https:\/\/www.cordobatimes.com\/showup\/wp-json\/wp\/v2\/posts\/74124","targetHints":{"allow":["GET"]}}],"collection":[{"href":"https:\/\/www.cordobatimes.com\/showup\/wp-json\/wp\/v2\/posts"}],"about":[{"href":"https:\/\/www.cordobatimes.com\/showup\/wp-json\/wp\/v2\/types\/post"}],"author":[{"embeddable":true,"href":"https:\/\/www.cordobatimes.com\/showup\/wp-json\/wp\/v2\/users\/1"}],"replies":[{"embeddable":true,"href":"https:\/\/www.cordobatimes.com\/showup\/wp-json\/wp\/v2\/comments?post=74124"}],"version-history":[{"count":0,"href":"https:\/\/www.cordobatimes.com\/showup\/wp-json\/wp\/v2\/posts\/74124\/revisions"}],"wp:featuredmedia":[{"embeddable":true,"href":"https:\/\/www.cordobatimes.com\/showup\/wp-json\/wp\/v2\/media\/74125"}],"wp:attachment":[{"href":"https:\/\/www.cordobatimes.com\/showup\/wp-json\/wp\/v2\/media?parent=74124"}],"wp:term":[{"taxonomy":"category","embeddable":true,"href":"https:\/\/www.cordobatimes.com\/showup\/wp-json\/wp\/v2\/categories?post=74124"},{"taxonomy":"post_tag","embeddable":true,"href":"https:\/\/www.cordobatimes.com\/showup\/wp-json\/wp\/v2\/tags?post=74124"}],"curies":[{"name":"wp","href":"https:\/\/api.w.org\/{rel}","templated":true}]}}