{"id":73901,"date":"2020-01-03T11:33:31","date_gmt":"2020-01-03T14:33:31","guid":{"rendered":"https:\/\/www.cordobatimes.com\/showup\/?p=73901"},"modified":"2020-01-03T11:33:31","modified_gmt":"2020-01-03T14:33:31","slug":"billie-eilish-lanzo-junto-a-hm-una-linea-de-merchandising","status":"publish","type":"post","link":"https:\/\/www.cordobatimes.com\/showup\/moda-y-estilos\/2020\/01\/03\/billie-eilish-lanzo-junto-a-hm-una-linea-de-merchandising\/","title":{"rendered":"Billie Eilish lanz\u00f3 junto a H&#038;M una l\u00ednea de merchandising"},"content":{"rendered":"<h3><strong>La joven cantante, que bati\u00f3 todos los r\u00e9cords al convertirse en la artista m\u00e1s escuchada de 2019, public\u00f3 su propia colecci\u00f3n de productos que emulan su particular estilo para vestirse.<\/strong><\/h3>\n<p>No hay duda de que 2019 fue un antes y un despu\u00e9s en la vida de la artista californiana Billie Eilish. Meses antes de cumplir los 18 a\u00f1os y con una incipiente carrera musical, la cantante y compositora sorprendi\u00f3 al mundo con su primer disco, When We All Fall Asleep, Where Do We Go?, que termin\u00f3 siendo el \u00e1lbum con m\u00e1s streams (reproducciones online) de todos los editados durante la temporada.<\/p>\n<p>Sin embargo, la m\u00fasica no fue lo \u00fanico que hizo conocida a Eilish alrededor del planeta. Su estilo y su look, urbano y para muchos \u201cdesali\u00f1ado\u201d, marc\u00f3 tendencia en una industria de la moda cada vez m\u00e1s impredecible. Por eso no llama la atenci\u00f3n que en el d\u00eda de la fecha la cadena de tiendas de\u00a0fast fashion\u00a0H&amp;M haya anunciado la salida a la venta de una l\u00ednea de\u00a0merchandising\u00a0inspirada en la forma de vestir de la cantante y en algunas de sus prendas insignias. En noviembre pasado, la artista ya hab\u00eda lanzado\u00a0su propia l\u00ednea de indumentaria para beb\u00e9s.<\/p>\n<div style=\"width: 640px;\" class=\"wp-video\"><video class=\"wp-video-shortcode\" id=\"video-73901-1\" width=\"640\" height=\"640\" preload=\"metadata\" controls=\"controls\"><source type=\"video\/mp4\" src=\"https:\/\/www.cordobatimes.com\/showup\/wp-content\/uploads\/2020\/01\/billieeilish_78440546_417989685512960_7322946742465420886_n.mp4?_=1\" \/><a href=\"https:\/\/www.cordobatimes.com\/showup\/wp-content\/uploads\/2020\/01\/billieeilish_78440546_417989685512960_7322946742465420886_n.mp4\">https:\/\/www.cordobatimes.com\/showup\/wp-content\/uploads\/2020\/01\/billieeilish_78440546_417989685512960_7322946742465420886_n.mp4<\/a><\/video><\/div>\n<p>Desde este jueves, la nueva colecci\u00f3n puede conseguirse en todas las tiendas de la marca que incluyen el concepto Divided y tambi\u00e9n en su sitio online. Entre los productos disponibles se destacan remeras amplias, buzos (incluso uno en formato vestido), joggings sueltos, gorros \u201cpilusos\u201d y de lana, ri\u00f1oneras y medias con su nombre estampado. Un detalle significativo es que las prendas pueden encontrarse en colores asociados a la paleta crom\u00e1tica que suele vestir la cantante: negro, beige y dos tonos de verde.<\/p>\n<p>En cuanto a los precios, se sostienen cifras que suelen encontrarse en este tipo de cadenas. Las medias figuran a 6 U$D, los gorros a 13, las ri\u00f1oneras a 18, las remeras a 18 y 25, los joggings a 30, los buzos a 30 y 35. Si se compra desde Argentina, a esas cifras habr\u00e1 que sumarle el impuesto del 30% a operaciones en el exterior.<\/p>\n<p><img alt=\"\" loading=\"lazy\" decoding=\"async\" class=\"alignnone wp-image-73904 size-full\" src=\"https:\/\/www.cordobatimes.com\/showup\/wp-content\/uploads\/2020\/01\/Billie_2_1578005114.jpg\" alt=\"\" width=\"500\" height=\"750\" srcset=\"https:\/\/www.cordobatimes.com\/showup\/wp-content\/uploads\/2020\/01\/Billie_2_1578005114.jpg 500w, https:\/\/www.cordobatimes.com\/showup\/wp-content\/uploads\/2020\/01\/Billie_2_1578005114-280x420.jpg 280w\" sizes=\"auto, (max-width: 500px) 100vw, 500px\" \/><\/p>\n<blockquote class=\"instagram-media\" style=\"background: #FFF; border: 0; border-radius: 3px; box-shadow: 0 0 1px 0 rgba(0,0,0,0.5),0 1px 10px 0 rgba(0,0,0,0.15); margin: 1px; max-width: 540px; min-width: 326px; padding: 0; width: calc(100% - 2px);\" data-instgrm-captioned=\"\" data-instgrm-permalink=\"https:\/\/www.instagram.com\/p\/B6z7-h2h0F7\/?utm_source=ig_embed&amp;utm_campaign=loading\" data-instgrm-version=\"12\">\n<div style=\"padding: 16px;\">\n<p>&nbsp;<\/p>\n<div style=\"display: flex; flex-direction: row; align-items: center;\">\n<div style=\"background-color: #f4f4f4; border-radius: 50%; flex-grow: 0; height: 40px; margin-right: 14px; width: 40px;\"><\/div>\n<div style=\"display: flex; flex-direction: column; flex-grow: 1; justify-content: center;\">\n<div style=\"background-color: #f4f4f4; border-radius: 4px; flex-grow: 0; height: 14px; margin-bottom: 6px; width: 100px;\"><\/div>\n<div style=\"background-color: #f4f4f4; border-radius: 4px; flex-grow: 0; height: 14px; width: 60px;\"><\/div>\n<\/div>\n<\/div>\n<div style=\"padding: 19% 0;\"><\/div>\n<div style=\"display: block; height: 50px; margin: 0 auto 12px; width: 50px;\"><\/div>\n<div style=\"padding-top: 8px;\">\n<div style=\"color: #3897f0; font-family: Arial,sans-serif; font-size: 14px; font-style: normal; font-weight: 550; line-height: 18px;\">Ver esta publicaci\u00f3n en Instagram<\/div>\n<\/div>\n<div style=\"padding: 12.5% 0;\"><\/div>\n<div style=\"display: flex; flex-direction: row; margin-bottom: 14px; align-items: center;\">\n<div>\n<div style=\"background-color: #f4f4f4; border-radius: 50%; height: 12.5px; width: 12.5px; transform: translateX(0px) translateY(7px);\"><\/div>\n<div style=\"background-color: #f4f4f4; height: 12.5px; transform: rotate(-45deg) translateX(3px) translateY(1px); width: 12.5px; flex-grow: 0; margin-right: 14px; margin-left: 2px;\"><\/div>\n<div style=\"background-color: #f4f4f4; border-radius: 50%; height: 12.5px; width: 12.5px; transform: translateX(9px) translateY(-18px);\"><\/div>\n<\/div>\n<div style=\"margin-left: 8px;\">\n<div style=\"background-color: #f4f4f4; border-radius: 50%; flex-grow: 0; height: 20px; width: 20px;\"><\/div>\n<div style=\"width: 0; height: 0; border-top: 2px solid transparent; border-left: 6px solid #f4f4f4; border-bottom: 2px solid transparent; transform: translateX(16px) translateY(-4px) rotate(30deg);\"><\/div>\n<\/div>\n<div style=\"margin-left: auto;\">\n<div style=\"width: 0px; border-top: 8px solid #F4F4F4; border-right: 8px solid transparent; transform: translateY(16px);\"><\/div>\n<div style=\"background-color: #f4f4f4; flex-grow: 0; height: 12px; width: 16px; transform: translateY(-4px);\"><\/div>\n<div style=\"width: 0; height: 0; border-top: 8px solid #F4F4F4; border-left: 8px solid transparent; transform: translateY(-4px) translateX(8px);\"><\/div>\n<\/div>\n<\/div>\n<p>&nbsp;<\/p>\n<p style=\"margin: 8px 0 0 0; padding: 0 4px;\"><a style=\"color: #000; font-family: Arial,sans-serif; font-size: 14px; font-style: normal; font-weight: normal; line-height: 17px; text-decoration: none; word-wrap: break-word;\" href=\"https:\/\/www.instagram.com\/p\/B6z7-h2h0F7\/?utm_source=ig_embed&amp;utm_campaign=loading\" target=\"_blank\" rel=\"noopener noreferrer\">We can&#8217;t bite our tongues any longer: Billie Eilish&#8217;s merch is out now! \ud83d\udd25\ud83d\udd25 @blohsh #HM #blohsh Printed T-shirt: 0842256002 Printed sweatshirt dress: 0855333001 Printed bucket hat: 0846634002<\/a><\/p>\n<p style=\"color: #c9c8cd; font-family: Arial,sans-serif; font-size: 14px; line-height: 17px; margin-bottom: 0; margin-top: 8px; overflow: hidden; padding: 8px 0 7px; text-align: center; text-overflow: ellipsis; white-space: nowrap;\">Una publicaci\u00f3n compartida de <a style=\"color: #c9c8cd; font-family: Arial,sans-serif; font-size: 14px; font-style: normal; font-weight: normal; line-height: 17px;\" href=\"https:\/\/www.instagram.com\/hm\/?utm_source=ig_embed&amp;utm_campaign=loading\" target=\"_blank\" rel=\"noopener noreferrer\"> H&amp;M<\/a> (@hm) el <time style=\"font-family: Arial,sans-serif; font-size: 14px; line-height: 17px;\" datetime=\"2020-01-02T09:02:28+00:00\">2 Ene, 2020 a las 1:02 PST<\/time><\/p>\n<\/div>\n<\/blockquote>\n<p><script async src=\"\/\/www.instagram.com\/embed.js\"><\/script><\/p>\n","protected":false},"excerpt":{"rendered":"<p>La joven cantante, que bati\u00f3 todos los r\u00e9cords al convertirse en la artista m\u00e1s escuchada de 2019, public\u00f3 su propia colecci\u00f3n de productos que emulan su particular estilo para vestirse. No hay duda de que 2019 fue un antes y un despu\u00e9s en la vida de la artista californiana Billie Eilish. Meses antes de cumplir [&hellip;]<\/p>\n","protected":false},"author":1,"featured_media":73902,"comment_status":"closed","ping_status":"closed","sticky":false,"template":"","format":"standard","meta":{"_seopress_robots_primary_cat":"","_seopress_titles_title":"","_seopress_titles_desc":"","_seopress_robots_index":"","footnotes":""},"categories":[228],"tags":[27707,27708],"class_list":{"0":"post-73901","1":"post","2":"type-post","3":"status-publish","4":"format-standard","5":"has-post-thumbnail","7":"category-moda-y-estilos","8":"tag-billie-eilish-hm","9":"tag-billie-eilish-linea-de-merchandising"},"_links":{"self":[{"href":"https:\/\/www.cordobatimes.com\/showup\/wp-json\/wp\/v2\/posts\/73901","targetHints":{"allow":["GET"]}}],"collection":[{"href":"https:\/\/www.cordobatimes.com\/showup\/wp-json\/wp\/v2\/posts"}],"about":[{"href":"https:\/\/www.cordobatimes.com\/showup\/wp-json\/wp\/v2\/types\/post"}],"author":[{"embeddable":true,"href":"https:\/\/www.cordobatimes.com\/showup\/wp-json\/wp\/v2\/users\/1"}],"replies":[{"embeddable":true,"href":"https:\/\/www.cordobatimes.com\/showup\/wp-json\/wp\/v2\/comments?post=73901"}],"version-history":[{"count":0,"href":"https:\/\/www.cordobatimes.com\/showup\/wp-json\/wp\/v2\/posts\/73901\/revisions"}],"wp:featuredmedia":[{"embeddable":true,"href":"https:\/\/www.cordobatimes.com\/showup\/wp-json\/wp\/v2\/media\/73902"}],"wp:attachment":[{"href":"https:\/\/www.cordobatimes.com\/showup\/wp-json\/wp\/v2\/media?parent=73901"}],"wp:term":[{"taxonomy":"category","embeddable":true,"href":"https:\/\/www.cordobatimes.com\/showup\/wp-json\/wp\/v2\/categories?post=73901"},{"taxonomy":"post_tag","embeddable":true,"href":"https:\/\/www.cordobatimes.com\/showup\/wp-json\/wp\/v2\/tags?post=73901"}],"curies":[{"name":"wp","href":"https:\/\/api.w.org\/{rel}","templated":true}]}}