{"id":73821,"date":"2020-01-02T11:00:15","date_gmt":"2020-01-02T14:00:15","guid":{"rendered":"https:\/\/www.cordobatimes.com\/showup\/?p=73821"},"modified":"2020-01-02T11:00:15","modified_gmt":"2020-01-02T14:00:15","slug":"netflix-estreno-una-miniserie-sobre-la-muerte-del-fiscal-nisman","status":"publish","type":"post","link":"https:\/\/www.cordobatimes.com\/showup\/cine-y-series\/2020\/01\/02\/netflix-estreno-una-miniserie-sobre-la-muerte-del-fiscal-nisman\/","title":{"rendered":"Netflix estren\u00f3 una miniserie sobre la muerte del fiscal Nisman"},"content":{"rendered":"<h3><strong>La miniserie documental\u00a0El fiscal, la presidenta y el esp\u00eda\u00a0ya est\u00e1 disponible en la plataforma de streaming.\u00a0<\/strong><\/h3>\n<p>La miniserie documental sobre la muerte del fiscal Alberto Nisman, titulada El fiscal, la presidenta y el esp\u00eda, ya est\u00e1 disponible en Netflix.<\/p>\n<p>El trabajo, que busca echar luz sobre uno de los casos m\u00e1s resonantes de los \u00faltimos a\u00f1os, cuenta con el testimonio de la fiscal Viviana Fein; el ex secretario de Inteligencia Oscar Parrilli; la ex esposa de Nisman, la jueza federal Sandra Arroyo Salgado, y el ex esp\u00eda Antonio \u00abJaime\u00bb Stiuso.<\/p>\n<p>El proyecto llev\u00f3 cuatro a\u00f1os de elaboraci\u00f3n al director y productor Justin Webster, quien se bas\u00f3 en m\u00e1s de mil horas de archivos y grabaciones, al punto de declarar en el Festival de San Sebasti\u00e1n, donde tuvo su premier mundial en septiembre pasado, que se trat\u00f3 del trabajo m\u00e1s dif\u00edcil de su vida por las ramificaciones del caso.<\/p>\n<p>Webster es responsable de otros documentales como\u00a0El fin de ETA\u00a0y la serie\u00a0Muerte en Le\u00f3n, adem\u00e1s de la serie para HBO\u00a0El pionero\u00a0y\u00a0Six Dreams\u00a0para Amazon.<\/p>\n<p>El fiscal, la presidenta y el esp\u00eda\u00a0cuenta con seis cap\u00edtulos de una hora cada uno en un formato cl\u00e1sico de documental con una mezcla de entrevistas con im\u00e1genes de archivo.<\/p>\n<p>Nisman apareci\u00f3 muerto en el ba\u00f1o de su departamento, ubicado en la zona porte\u00f1a de Puerto Madero, el 18 de enero de 2015, luego de denunciar a la entonces presidenta Cristina Fern\u00e1ndez de Kirchner de intento encubrimiento a los sospechosos del atentado a la Asociaci\u00f3n Mutual Israelita Argentina (AMIA), ocurrido en julio de 1994, que dej\u00f3 un saldo de 85 muertos.<\/p>\n<p><iframe loading=\"lazy\" src=\"https:\/\/www.youtube.com\/embed\/rfY5dMuyJVY\" width=\"560\" height=\"315\" frameborder=\"0\" allowfullscreen=\"allowfullscreen\"><\/iframe><\/p>\n","protected":false},"excerpt":{"rendered":"<p>La miniserie documental\u00a0El fiscal, la presidenta y el esp\u00eda\u00a0ya est\u00e1 disponible en la plataforma de streaming.\u00a0 La miniserie documental sobre la muerte del fiscal Alberto Nisman, titulada El fiscal, la presidenta y el esp\u00eda, ya est\u00e1 disponible en Netflix. El trabajo, que busca echar luz sobre uno de los casos m\u00e1s resonantes de los \u00faltimos [&hellip;]<\/p>\n","protected":false},"author":1,"featured_media":73822,"comment_status":"closed","ping_status":"closed","sticky":false,"template":"","format":"standard","meta":{"_seopress_robots_primary_cat":"","_seopress_titles_title":"","_seopress_titles_desc":"","_seopress_robots_index":"","footnotes":""},"categories":[3],"tags":[27669,27668,27666,12302,27667,27670],"class_list":{"0":"post-73821","1":"post","2":"type-post","3":"status-publish","4":"format-standard","5":"has-post-thumbnail","7":"category-cine-y-series","8":"tag-el-fiscal-la-presidenta-y-el-espia","9":"tag-miniserie-documental-sobre-la-muerte-del-fiscal-alberto-nisman","10":"tag-miniserie-sobre-la-muerte-del-fiscal-nisman","11":"tag-muerte-del-fiscal-alberto-nisman","12":"tag-muerte-del-fiscal-nisman","13":"tag-trailer-de-el-fiscal-la-presidenta-y-el-espia"},"_links":{"self":[{"href":"https:\/\/www.cordobatimes.com\/showup\/wp-json\/wp\/v2\/posts\/73821","targetHints":{"allow":["GET"]}}],"collection":[{"href":"https:\/\/www.cordobatimes.com\/showup\/wp-json\/wp\/v2\/posts"}],"about":[{"href":"https:\/\/www.cordobatimes.com\/showup\/wp-json\/wp\/v2\/types\/post"}],"author":[{"embeddable":true,"href":"https:\/\/www.cordobatimes.com\/showup\/wp-json\/wp\/v2\/users\/1"}],"replies":[{"embeddable":true,"href":"https:\/\/www.cordobatimes.com\/showup\/wp-json\/wp\/v2\/comments?post=73821"}],"version-history":[{"count":0,"href":"https:\/\/www.cordobatimes.com\/showup\/wp-json\/wp\/v2\/posts\/73821\/revisions"}],"wp:featuredmedia":[{"embeddable":true,"href":"https:\/\/www.cordobatimes.com\/showup\/wp-json\/wp\/v2\/media\/73822"}],"wp:attachment":[{"href":"https:\/\/www.cordobatimes.com\/showup\/wp-json\/wp\/v2\/media?parent=73821"}],"wp:term":[{"taxonomy":"category","embeddable":true,"href":"https:\/\/www.cordobatimes.com\/showup\/wp-json\/wp\/v2\/categories?post=73821"},{"taxonomy":"post_tag","embeddable":true,"href":"https:\/\/www.cordobatimes.com\/showup\/wp-json\/wp\/v2\/tags?post=73821"}],"curies":[{"name":"wp","href":"https:\/\/api.w.org\/{rel}","templated":true}]}}