{"id":73336,"date":"2019-12-26T11:25:51","date_gmt":"2019-12-26T14:25:51","guid":{"rendered":"https:\/\/www.cordobatimes.com\/showup\/?p=73336"},"modified":"2019-12-26T11:25:51","modified_gmt":"2019-12-26T14:25:51","slug":"abel-pintos-presento-un-adelanto-de-su-nuevo-disco-con-su-cancion-quiero-cantar","status":"publish","type":"post","link":"https:\/\/www.cordobatimes.com\/showup\/musica\/2019\/12\/26\/abel-pintos-presento-un-adelanto-de-su-nuevo-disco-con-su-cancion-quiero-cantar\/","title":{"rendered":"Abel Pintos present\u00f3 un adelanto de su nuevo disco con su canci\u00f3n \u201cQuiero cantar\u201d"},"content":{"rendered":"<h3><strong>Abel Pintos\u00a0arrancar\u00e1 el 2020 con todo: tendr\u00e1 su cl\u00e1sica gira de verano y un disco nuevo bajo el brazo.<\/strong><\/h3>\n<p>Luego de confirmar su participaci\u00f3n en Cosqu\u00edn, que se suma a las fechas previstas en el Festival de Pe\u00f1as de Villa Mar\u00eda, el de la Avicultura en Santa Mar\u00eda de Punilla y el de Colectividades de Alta Gracia, el cantante present\u00f3 su nueva canci\u00f3n llamada\u00a0Quiero cantar.<\/p>\n<p>Con distintos mensajes en las redes, Abel oficializ\u00f3 el lanzamiento de esta canci\u00f3n que formar\u00e1 parte del material que prepara para el a\u00f1o que viene y cuyo adelanto ya est\u00e1 en todas las plataformas musicales.<\/p>\n<p>\u201cMuchas veces me preguntan qu\u00e9 hago cuando no canto. #QuieroCantar cuenta qu\u00e9 me pasa, c\u00f3mo me siento y LO MUCHO que deseo volver a sentirme flotando en una canci\u00f3n en esos d\u00edas. Y algunas cosas m\u00e1s, claro, que est\u00e1n ah\u00ed esperando a ser interpretadas desde el lugar de cada uno\u201d, arranc\u00f3 diciendo el m\u00fasico en Twitter y luego agreg\u00f3: \u201cAh\u00ed est\u00e1. Vuela #QuieroCantar y queda en sus manos. Y en sus d\u00edas. Nos vemos en la m\u00fasica. Los quiero mucho\u201d.<\/p>\n<p>Mientras que en Instagram poste\u00f3: \u201c\u00a1Querid@s! \u00a1Hoy estrenamos canci\u00f3n y video! A las 20 horas en @spotifyargentina y @youtube pueden ver y compartir QUIERO CANTAR, un adelanto de mi pr\u00f3ximo \u00e1lbum del a\u00f1o 2020\u201d.<\/p>\n<p><iframe loading=\"lazy\" src=\"https:\/\/www.youtube.com\/embed\/JhRyN_d_ufo\" width=\"560\" height=\"315\" frameborder=\"0\" allowfullscreen=\"allowfullscreen\"><\/iframe><\/p>\n","protected":false},"excerpt":{"rendered":"<p>Abel Pintos\u00a0arrancar\u00e1 el 2020 con todo: tendr\u00e1 su cl\u00e1sica gira de verano y un disco nuevo bajo el brazo. Luego de confirmar su participaci\u00f3n en Cosqu\u00edn, que se suma a las fechas previstas en el Festival de Pe\u00f1as de Villa Mar\u00eda, el de la Avicultura en Santa Mar\u00eda de Punilla y el de Colectividades de [&hellip;]<\/p>\n","protected":false},"author":1,"featured_media":73337,"comment_status":"closed","ping_status":"closed","sticky":false,"template":"","format":"standard","meta":{"_seopress_robots_primary_cat":"","_seopress_titles_title":"","_seopress_titles_desc":"","_seopress_robots_index":"","footnotes":""},"categories":[5],"tags":[27474,27475],"class_list":{"0":"post-73336","1":"post","2":"type-post","3":"status-publish","4":"format-standard","5":"has-post-thumbnail","7":"category-musica","8":"tag-abel-pintos-quiero-cantar","9":"tag-canciones-de-abel-pintos"},"_links":{"self":[{"href":"https:\/\/www.cordobatimes.com\/showup\/wp-json\/wp\/v2\/posts\/73336","targetHints":{"allow":["GET"]}}],"collection":[{"href":"https:\/\/www.cordobatimes.com\/showup\/wp-json\/wp\/v2\/posts"}],"about":[{"href":"https:\/\/www.cordobatimes.com\/showup\/wp-json\/wp\/v2\/types\/post"}],"author":[{"embeddable":true,"href":"https:\/\/www.cordobatimes.com\/showup\/wp-json\/wp\/v2\/users\/1"}],"replies":[{"embeddable":true,"href":"https:\/\/www.cordobatimes.com\/showup\/wp-json\/wp\/v2\/comments?post=73336"}],"version-history":[{"count":0,"href":"https:\/\/www.cordobatimes.com\/showup\/wp-json\/wp\/v2\/posts\/73336\/revisions"}],"wp:featuredmedia":[{"embeddable":true,"href":"https:\/\/www.cordobatimes.com\/showup\/wp-json\/wp\/v2\/media\/73337"}],"wp:attachment":[{"href":"https:\/\/www.cordobatimes.com\/showup\/wp-json\/wp\/v2\/media?parent=73336"}],"wp:term":[{"taxonomy":"category","embeddable":true,"href":"https:\/\/www.cordobatimes.com\/showup\/wp-json\/wp\/v2\/categories?post=73336"},{"taxonomy":"post_tag","embeddable":true,"href":"https:\/\/www.cordobatimes.com\/showup\/wp-json\/wp\/v2\/tags?post=73336"}],"curies":[{"name":"wp","href":"https:\/\/api.w.org\/{rel}","templated":true}]}}