{"id":7315,"date":"2013-12-31T18:00:22","date_gmt":"2013-12-31T21:00:22","guid":{"rendered":"http:\/\/cordobatimes.com\/showup\/?p=7315"},"modified":"2019-10-21T19:04:25","modified_gmt":"2019-10-21T22:04:25","slug":"convertiran-en-museo-la-casa-de-jimi-hendrix-fotos","status":"publish","type":"post","link":"https:\/\/www.cordobatimes.com\/showup\/musica\/2013\/12\/31\/convertiran-en-museo-la-casa-de-jimi-hendrix-fotos\/","title":{"rendered":"Convertir\u00e1n en Museo la casa de Jimi Hendrix (fotos)"},"content":{"rendered":"<h3 style=\"text-align: justify;\"><strong>Una de las bases de la m\u00fasica mundial sigue recibiendo distinciones. Para 2015 est\u00e1 prevista la apertura del museo en honor a Jimi Hendrix. La reparacion consta de casi un mill\u00f3n de euros.<\/strong><\/h3>\n<p style=\"text-align: justify;\">\u00cdcono \u00a0de la guitarra el\u00e9ctrica y del rock and roll merece muchos mas honores. Jimi Hendrix fue, y sigue siendo, uno de los h\u00e9roes del slide, y sus fans sonrieron de oreja a oreja cuando se anunci\u00f3 la apertura de un museo.<\/p>\n<p style=\"text-align: justify;\">Se trata de la \u00faltima cada en la que pas\u00f3 sus \u00faltimos d\u00edas de vida en Inglaterra. Hendrix vivi\u00f3 en ese lugar, en el barrio de Myfair, entre \u00a01968 y 1969. Ya para el 18 de septiembre de 1970, el m\u00fasico fallec\u00eda en un hotel de Notting Hill.<\/p>\n<p style=\"text-align: justify;\">La apertura del homenaje a la vida de la leyenda del rock, est\u00e1 prevista para 2015 y los costos de reparaci\u00f3n superan el medio mill\u00f3n de euros.<\/p>\n<p style=\"text-align: justify;\">Para el museo se reconstruir\u00e1n una de las habitaciones y se montar\u00e1 una exposici\u00f3n permanente. Los costos ser\u00e1n financiados con dinero procedente de la loter\u00eda nacional inglesa.<\/p>\n<p style=\"text-align: center;\"><a href=\"http:\/\/cordobatimes.com\/showup\/wp-content\/uploads\/2013\/12\/jimi-hendrix-flat-011.jpg\"><img loading=\"lazy\" decoding=\"async\" class=\" wp-image-7323 aligncenter\" src=\"http:\/\/cordobatimes.com\/showup\/wp-content\/uploads\/2013\/12\/jimi-hendrix-flat-011.jpg\" alt=\"Jimi Hendrix flat\" width=\"600\" height=\"276\" data-id=\"7323\" \/><\/a><\/p>\n<p style=\"text-align: center;\"><a href=\"http:\/\/cordobatimes.com\/showup\/wp-content\/uploads\/2013\/12\/35930.jpg\"><img loading=\"lazy\" decoding=\"async\" class=\"size-full wp-image-7319 aligncenter\" src=\"http:\/\/cordobatimes.com\/showup\/wp-content\/uploads\/2013\/12\/35930.jpg\" alt=\"SHOWBIZ Hendrix 151485 \/ Jimi Hendrix Exhibition\" width=\"630\" height=\"399\" data-id=\"7319\" srcset=\"https:\/\/www.cordobatimes.com\/showup\/wp-content\/uploads\/2013\/12\/35930.jpg 630w, https:\/\/www.cordobatimes.com\/showup\/wp-content\/uploads\/2013\/12\/35930-300x190.jpg 300w, https:\/\/www.cordobatimes.com\/showup\/wp-content\/uploads\/2013\/12\/35930-85x54.jpg 85w\" sizes=\"auto, (max-width: 630px) 100vw, 630px\" \/><\/a><\/p>\n<p style=\"text-align: center;\"><a href=\"http:\/\/cordobatimes.com\/showup\/wp-content\/uploads\/2013\/12\/wentzell_384b-0_resized.jpg\"><img loading=\"lazy\" decoding=\"async\" class=\"size-full wp-image-7324 aligncenter\" src=\"http:\/\/cordobatimes.com\/showup\/wp-content\/uploads\/2013\/12\/wentzell_384b-0_resized.jpg\" alt=\"wentzell_384b-0_resized\" width=\"396\" height=\"600\" data-id=\"7324\" srcset=\"https:\/\/www.cordobatimes.com\/showup\/wp-content\/uploads\/2013\/12\/wentzell_384b-0_resized.jpg 396w, https:\/\/www.cordobatimes.com\/showup\/wp-content\/uploads\/2013\/12\/wentzell_384b-0_resized-198x300.jpg 198w\" sizes=\"auto, (max-width: 396px) 100vw, 396px\" \/><\/a><\/p>\n","protected":false},"excerpt":{"rendered":"<p>Una de las bases de la m\u00fasica mundial sigue recibiendo distinciones. Para 2015 est\u00e1 prevista la apertura del museo en honor a Jimi Hendrix. La reparacion consta de casi un mill\u00f3n de euros. \u00cdcono \u00a0de la guitarra el\u00e9ctrica y del rock and roll merece muchos mas honores. Jimi Hendrix fue, y sigue siendo, uno de [&hellip;]<\/p>\n","protected":false},"author":1,"featured_media":7320,"comment_status":"closed","ping_status":"closed","sticky":false,"template":"","format":"standard","meta":{"_seopress_robots_primary_cat":"","_seopress_titles_title":"","_seopress_titles_desc":"","_seopress_robots_index":"","footnotes":""},"categories":[5],"tags":[2260,24755,2261],"class_list":{"0":"post-7315","1":"post","2":"type-post","3":"status-publish","4":"format-standard","5":"has-post-thumbnail","7":"category-musica","8":"tag-70-anos-de-jimi-hendrix","9":"tag-jimi-hendrix-casa","10":"tag-museo-de-himi-hendrix"},"_links":{"self":[{"href":"https:\/\/www.cordobatimes.com\/showup\/wp-json\/wp\/v2\/posts\/7315","targetHints":{"allow":["GET"]}}],"collection":[{"href":"https:\/\/www.cordobatimes.com\/showup\/wp-json\/wp\/v2\/posts"}],"about":[{"href":"https:\/\/www.cordobatimes.com\/showup\/wp-json\/wp\/v2\/types\/post"}],"author":[{"embeddable":true,"href":"https:\/\/www.cordobatimes.com\/showup\/wp-json\/wp\/v2\/users\/1"}],"replies":[{"embeddable":true,"href":"https:\/\/www.cordobatimes.com\/showup\/wp-json\/wp\/v2\/comments?post=7315"}],"version-history":[{"count":0,"href":"https:\/\/www.cordobatimes.com\/showup\/wp-json\/wp\/v2\/posts\/7315\/revisions"}],"wp:featuredmedia":[{"embeddable":true,"href":"https:\/\/www.cordobatimes.com\/showup\/wp-json\/wp\/v2\/media\/7320"}],"wp:attachment":[{"href":"https:\/\/www.cordobatimes.com\/showup\/wp-json\/wp\/v2\/media?parent=7315"}],"wp:term":[{"taxonomy":"category","embeddable":true,"href":"https:\/\/www.cordobatimes.com\/showup\/wp-json\/wp\/v2\/categories?post=7315"},{"taxonomy":"post_tag","embeddable":true,"href":"https:\/\/www.cordobatimes.com\/showup\/wp-json\/wp\/v2\/tags?post=7315"}],"curies":[{"name":"wp","href":"https:\/\/api.w.org\/{rel}","templated":true}]}}