{"id":73102,"date":"2019-12-23T11:40:55","date_gmt":"2019-12-23T14:40:55","guid":{"rendered":"https:\/\/www.cordobatimes.com\/showup\/?p=73102"},"modified":"2019-12-23T11:40:55","modified_gmt":"2019-12-23T14:40:55","slug":"verano-en-zapatillas-arma-increibles-looks-con-el-calzado-comodo","status":"publish","type":"post","link":"https:\/\/www.cordobatimes.com\/showup\/moda-y-estilos\/2019\/12\/23\/verano-en-zapatillas-arma-increibles-looks-con-el-calzado-comodo\/","title":{"rendered":"Verano en zapatillas: Arma incre\u00edbles looks con el calzado c\u00f3modo"},"content":{"rendered":"<h3><strong>El verano es la \u00e9poca de las sandalias, pero hay otro calzado que tambi\u00e9n es el favorito para\u00a0 armar los outfits y son las zapatillas.<\/strong><\/h3>\n<p>Los\u00a0outfits\u00a0con\u00a0zapatillas\u00a0son de los m\u00e1s bonitos del a\u00f1o. La\u00a0tendencia\u00a0de este calzado ya sea con estampados o de color completo son perfectos para lucir en esta primavera-verano. Son c\u00f3modos y pr\u00e1cticos para hacer nuestras actividades sin ning\u00fan problema.<\/p>\n<p>Te mostramos algunas alternativas m\u00e1s bonitas para que combines tu calzado esta temporada. Sirven para ir de paseo, a la oficina, para ir a una cita o hasta incluso a alg\u00fan evento casual. Por otro lado, si usas\u00a0zapatillas\u00a0floreadas no dudes en combinarlos con vestidos estampados.<\/p>\n<h3><strong>Con jeans<\/strong><\/h3>\n<p>El look compuesto por jean y zapatillas es infalible para salir a alg\u00fan lugar apurada y s\u00faper chic. Mezcla tu calzado con pantalones . Toma en cuenta que tambi\u00e9n los podes usar para ir al trabajo, as\u00ed podes darte el gusto de usarlos sin problema a\u00f1adiendo un blazer a tu outfit.<\/p>\n<p><img alt=\"\" loading=\"lazy\" decoding=\"async\" class=\"alignnone wp-image-73104 size-full\" src=\"https:\/\/www.cordobatimes.com\/showup\/wp-content\/uploads\/2019\/12\/look-zapatillas-y-jeans-1576798338.jpg\" alt=\"\" width=\"1024\" height=\"1536\" srcset=\"https:\/\/www.cordobatimes.com\/showup\/wp-content\/uploads\/2019\/12\/look-zapatillas-y-jeans-1576798338.jpg 1024w, https:\/\/www.cordobatimes.com\/showup\/wp-content\/uploads\/2019\/12\/look-zapatillas-y-jeans-1576798338-280x420.jpg 280w, https:\/\/www.cordobatimes.com\/showup\/wp-content\/uploads\/2019\/12\/look-zapatillas-y-jeans-1576798338-683x1024.jpg 683w, https:\/\/www.cordobatimes.com\/showup\/wp-content\/uploads\/2019\/12\/look-zapatillas-y-jeans-1576798338-768x1152.jpg 768w, https:\/\/www.cordobatimes.com\/showup\/wp-content\/uploads\/2019\/12\/look-zapatillas-y-jeans-1576798338-696x1044.jpg 696w\" sizes=\"auto, (max-width: 1024px) 100vw, 1024px\" \/><\/p>\n<h3><\/h3>\n<h3><strong>Polleras<\/strong><\/h3>\n<p>Desde las lisas o estampadas, cortas o largas, seg\u00fan tu gusto. \u00dasalas con tus zapatillas sin ning\u00fan problema. Felizmente, el mundo de la moda las reglas est\u00e1n para romperse y probar nuevas cosas. As\u00ed que, el atuendo con esta prenda m\u00e1s este calzado ser\u00e1 fenomenal.<\/p>\n<p><img alt=\"\" loading=\"lazy\" decoding=\"async\" class=\"alignnone wp-image-73105 size-full\" src=\"https:\/\/www.cordobatimes.com\/showup\/wp-content\/uploads\/2019\/12\/outfit-zapatillas-y-falda-1576798454.jpg\" alt=\"\" width=\"600\" height=\"880\" srcset=\"https:\/\/www.cordobatimes.com\/showup\/wp-content\/uploads\/2019\/12\/outfit-zapatillas-y-falda-1576798454.jpg 600w, https:\/\/www.cordobatimes.com\/showup\/wp-content\/uploads\/2019\/12\/outfit-zapatillas-y-falda-1576798454-286x420.jpg 286w\" sizes=\"auto, (max-width: 600px) 100vw, 600px\" \/><\/p>\n<h3><\/h3>\n<h3><strong>Shorts<\/strong><\/h3>\n<p>Definitivamente, los shorts\u00a0 con zapatillas son una combinaci\u00f3n fabulosa. Te sent\u00eds c\u00f3moda, fresca y relajada.<\/p>\n<p><img alt=\"\" loading=\"lazy\" decoding=\"async\" class=\"alignnone wp-image-73106 size-full\" src=\"https:\/\/www.cordobatimes.com\/showup\/wp-content\/uploads\/2019\/12\/outfit-zapatillas-y-short-1576798513.jpg\" alt=\"\" width=\"640\" height=\"960\" srcset=\"https:\/\/www.cordobatimes.com\/showup\/wp-content\/uploads\/2019\/12\/outfit-zapatillas-y-short-1576798513.jpg 640w, https:\/\/www.cordobatimes.com\/showup\/wp-content\/uploads\/2019\/12\/outfit-zapatillas-y-short-1576798513-280x420.jpg 280w\" sizes=\"auto, (max-width: 640px) 100vw, 640px\" \/><\/p>\n<h3><\/h3>\n<h3><strong>Vestidos<\/strong><\/h3>\n<p>Cortos o largos hay muchas formas en las que puedes llevar un vestido esta temporada y esta es la m\u00e1s c\u00f3moda. \u00bfA qui\u00e9n no le gusta caminar largas horas sin cansarse? Sin duda es una gran opci\u00f3n cuando no tenes muchas ganas de utilizar tacos.<\/p>\n<p><img alt=\"\" loading=\"lazy\" decoding=\"async\" class=\"alignnone wp-image-73107 size-full\" src=\"https:\/\/www.cordobatimes.com\/showup\/wp-content\/uploads\/2019\/12\/Nombre5562.jpg\" alt=\"\" width=\"736\" height=\"481\" srcset=\"https:\/\/www.cordobatimes.com\/showup\/wp-content\/uploads\/2019\/12\/Nombre5562.jpg 736w, https:\/\/www.cordobatimes.com\/showup\/wp-content\/uploads\/2019\/12\/Nombre5562-643x420.jpg 643w, https:\/\/www.cordobatimes.com\/showup\/wp-content\/uploads\/2019\/12\/Nombre5562-696x455.jpg 696w\" sizes=\"auto, (max-width: 736px) 100vw, 736px\" \/> <img alt=\"\" loading=\"lazy\" decoding=\"async\" class=\"alignnone wp-image-73108 size-full\" src=\"https:\/\/www.cordobatimes.com\/showup\/wp-content\/uploads\/2019\/12\/Nombre562151.jpg\" alt=\"\" width=\"1013\" height=\"565\" srcset=\"https:\/\/www.cordobatimes.com\/showup\/wp-content\/uploads\/2019\/12\/Nombre562151.jpg 1013w, https:\/\/www.cordobatimes.com\/showup\/wp-content\/uploads\/2019\/12\/Nombre562151-750x418.jpg 750w, https:\/\/www.cordobatimes.com\/showup\/wp-content\/uploads\/2019\/12\/Nombre562151-753x420.jpg 753w, https:\/\/www.cordobatimes.com\/showup\/wp-content\/uploads\/2019\/12\/Nombre562151-768x428.jpg 768w, https:\/\/www.cordobatimes.com\/showup\/wp-content\/uploads\/2019\/12\/Nombre562151-696x388.jpg 696w\" sizes=\"auto, (max-width: 1013px) 100vw, 1013px\" \/><\/p>\n","protected":false},"excerpt":{"rendered":"<p>El verano es la \u00e9poca de las sandalias, pero hay otro calzado que tambi\u00e9n es el favorito para\u00a0 armar los outfits y son las zapatillas. Los\u00a0outfits\u00a0con\u00a0zapatillas\u00a0son de los m\u00e1s bonitos del a\u00f1o. La\u00a0tendencia\u00a0de este calzado ya sea con estampados o de color completo son perfectos para lucir en esta primavera-verano. Son c\u00f3modos y pr\u00e1cticos para [&hellip;]<\/p>\n","protected":false},"author":1,"featured_media":73103,"comment_status":"closed","ping_status":"closed","sticky":false,"template":"","format":"standard","meta":{"_seopress_robots_primary_cat":"","_seopress_titles_title":"","_seopress_titles_desc":"","_seopress_robots_index":"","footnotes":""},"categories":[228],"tags":[27406,24612,24310],"class_list":{"0":"post-73102","1":"post","2":"type-post","3":"status-publish","4":"format-standard","5":"has-post-thumbnail","7":"category-moda-y-estilos","8":"tag-looks-de-verano-con-zapatillas","9":"tag-tendencias-2020","10":"tag-tendencias-de-moda-2020"},"_links":{"self":[{"href":"https:\/\/www.cordobatimes.com\/showup\/wp-json\/wp\/v2\/posts\/73102","targetHints":{"allow":["GET"]}}],"collection":[{"href":"https:\/\/www.cordobatimes.com\/showup\/wp-json\/wp\/v2\/posts"}],"about":[{"href":"https:\/\/www.cordobatimes.com\/showup\/wp-json\/wp\/v2\/types\/post"}],"author":[{"embeddable":true,"href":"https:\/\/www.cordobatimes.com\/showup\/wp-json\/wp\/v2\/users\/1"}],"replies":[{"embeddable":true,"href":"https:\/\/www.cordobatimes.com\/showup\/wp-json\/wp\/v2\/comments?post=73102"}],"version-history":[{"count":0,"href":"https:\/\/www.cordobatimes.com\/showup\/wp-json\/wp\/v2\/posts\/73102\/revisions"}],"wp:featuredmedia":[{"embeddable":true,"href":"https:\/\/www.cordobatimes.com\/showup\/wp-json\/wp\/v2\/media\/73103"}],"wp:attachment":[{"href":"https:\/\/www.cordobatimes.com\/showup\/wp-json\/wp\/v2\/media?parent=73102"}],"wp:term":[{"taxonomy":"category","embeddable":true,"href":"https:\/\/www.cordobatimes.com\/showup\/wp-json\/wp\/v2\/categories?post=73102"},{"taxonomy":"post_tag","embeddable":true,"href":"https:\/\/www.cordobatimes.com\/showup\/wp-json\/wp\/v2\/tags?post=73102"}],"curies":[{"name":"wp","href":"https:\/\/api.w.org\/{rel}","templated":true}]}}