{"id":73093,"date":"2019-12-23T09:39:00","date_gmt":"2019-12-23T12:39:00","guid":{"rendered":"https:\/\/www.cordobatimes.com\/showup\/?p=73093"},"modified":"2019-12-23T09:39:00","modified_gmt":"2019-12-23T12:39:00","slug":"tras-la-denuncia-por-violacion-sacan-a-pablo-rago-de-la-promocion-de-el-robo-del-siglo","status":"publish","type":"post","link":"https:\/\/www.cordobatimes.com\/showup\/cine-y-series\/2019\/12\/23\/tras-la-denuncia-por-violacion-sacan-a-pablo-rago-de-la-promocion-de-el-robo-del-siglo\/","title":{"rendered":"Tras la denuncia por violaci\u00f3n, \u00bfsacan a Pablo Rago de la promoci\u00f3n de \u00abEl robo del siglo\u00bb?"},"content":{"rendered":"<h3><b>Luego de la denuncia de \u00c9rica Basile, el actor no aparece en las publicaciones de las redes sociales oficiales de la pel\u00edcula.<\/b><\/h3>\n<p>El robo del siglo es la pel\u00edcula protagonizada por Guillermo Francella y Diego Peretti que recrea el recordado robo a la sucursal de banco Rio ubicado en Acassuso en 2006, que se estrenara en 2020, convirti\u00e9ndose en el primer gran estreno del cine nacional. El banco fue asaltado por una banda de seis ladrones armados con armas de juguetes. Tomaron 23 rehenes y se llevaron 15 millones de d\u00f3lares.<\/p>\n<p>Pablo Rago tambi\u00e9n participa en la pel\u00edcula, interpretando a uno de los seis miembros de la banda pero, a ra\u00edz de la denuncia en su contra por violaci\u00f3n que se dio a conocer hace unos d\u00edas, parece ser que fue eliminado de la promoci\u00f3n de la misma.<\/p>\n<p>Este s\u00e1bado se present\u00f3 a todos los miembros de la bada con incre\u00edbles gr\u00e1ficas oficiales, pero no hay se\u00f1ales de Rago. Francella, Rafael Ferro, Mariano Argento y Luis Luque, por otro lado, aparecen todos.<\/p>\n<p>Oficialmente la p\u00e1gina no comunic\u00f3 nada al respecto.<\/p>\n<blockquote class=\"twitter-tweet\" data-lang=\"es\">\n<p lang=\"es\" dir=\"ltr\"><a href=\"https:\/\/twitter.com\/hashtag\/ElRoboDelSiglo?src=hash&amp;ref_src=twsrc%5Etfw\">#ElRoboDelSiglo<\/a> llega a los fines el 16 de enero, con un elenco imperdible. \u00a1Conocelos! <a href=\"https:\/\/t.co\/vx0B3dsq9e\">pic.twitter.com\/vx0B3dsq9e<\/a><\/p>\n<p>&mdash; El Robo del Siglo (@elrobodelsiglo_) <a href=\"https:\/\/twitter.com\/elrobodelsiglo_\/status\/1208430535393075200?ref_src=twsrc%5Etfw\">21 de diciembre de 2019<\/a><\/p><\/blockquote>\n<p><script async src=\"https:\/\/platform.twitter.com\/widgets.js\" charset=\"utf-8\"><\/script><\/p>\n<blockquote class=\"twitter-tweet\" data-lang=\"es\">\n<p lang=\"es\" dir=\"ltr\"><a href=\"https:\/\/twitter.com\/hashtag\/ElRoboDelSiglo?src=hash&amp;ref_src=twsrc%5Etfw\">#ElRoboDelSiglo<\/a> llega a los cines el 16 de enero, con un elenco imperdible. \u00a1Conocelos! <a href=\"https:\/\/t.co\/DnbBaQQeFw\">pic.twitter.com\/DnbBaQQeFw<\/a><\/p>\n<p>&mdash; El Robo del Siglo (@elrobodelsiglo_) <a href=\"https:\/\/twitter.com\/elrobodelsiglo_\/status\/1208430767535202304?ref_src=twsrc%5Etfw\">21 de diciembre de 2019<\/a><\/p><\/blockquote>\n<p><script async src=\"https:\/\/platform.twitter.com\/widgets.js\" charset=\"utf-8\"><\/script><\/p>\n<p><iframe loading=\"lazy\" width=\"560\" height=\"315\" src=\"https:\/\/www.youtube.com\/embed\/rLk1KkEul3I\" frameborder=\"0\" allow=\"accelerometer; autoplay; encrypted-media; gyroscope; picture-in-picture\" allowfullscreen><\/iframe><\/p>\n","protected":false},"excerpt":{"rendered":"<p>Luego de la denuncia de \u00c9rica Basile, el actor no aparece en las publicaciones de las redes sociales oficiales de la pel\u00edcula. El robo del siglo es la pel\u00edcula protagonizada por Guillermo Francella y Diego Peretti que recrea el recordado robo a la sucursal de banco Rio ubicado en Acassuso en 2006, que se estrenara [&hellip;]<\/p>\n","protected":false},"author":1,"featured_media":73094,"comment_status":"closed","ping_status":"closed","sticky":false,"template":"","format":"standard","meta":{"_seopress_robots_primary_cat":"","_seopress_titles_title":"","_seopress_titles_desc":"","_seopress_robots_index":"","footnotes":""},"categories":[3],"tags":[27402,27401,27400],"class_list":{"0":"post-73093","1":"post","2":"type-post","3":"status-publish","4":"format-standard","5":"has-post-thumbnail","7":"category-cine-y-series","8":"tag-pablo-rago-denuncia-por-violacion","9":"tag-pablo-rago-el-robo-del-siglo","10":"tag-pablo-rago-promocion-de-el-robo-del-siglo"},"_links":{"self":[{"href":"https:\/\/www.cordobatimes.com\/showup\/wp-json\/wp\/v2\/posts\/73093","targetHints":{"allow":["GET"]}}],"collection":[{"href":"https:\/\/www.cordobatimes.com\/showup\/wp-json\/wp\/v2\/posts"}],"about":[{"href":"https:\/\/www.cordobatimes.com\/showup\/wp-json\/wp\/v2\/types\/post"}],"author":[{"embeddable":true,"href":"https:\/\/www.cordobatimes.com\/showup\/wp-json\/wp\/v2\/users\/1"}],"replies":[{"embeddable":true,"href":"https:\/\/www.cordobatimes.com\/showup\/wp-json\/wp\/v2\/comments?post=73093"}],"version-history":[{"count":0,"href":"https:\/\/www.cordobatimes.com\/showup\/wp-json\/wp\/v2\/posts\/73093\/revisions"}],"wp:featuredmedia":[{"embeddable":true,"href":"https:\/\/www.cordobatimes.com\/showup\/wp-json\/wp\/v2\/media\/73094"}],"wp:attachment":[{"href":"https:\/\/www.cordobatimes.com\/showup\/wp-json\/wp\/v2\/media?parent=73093"}],"wp:term":[{"taxonomy":"category","embeddable":true,"href":"https:\/\/www.cordobatimes.com\/showup\/wp-json\/wp\/v2\/categories?post=73093"},{"taxonomy":"post_tag","embeddable":true,"href":"https:\/\/www.cordobatimes.com\/showup\/wp-json\/wp\/v2\/tags?post=73093"}],"curies":[{"name":"wp","href":"https:\/\/api.w.org\/{rel}","templated":true}]}}