{"id":72825,"date":"2019-12-19T11:10:46","date_gmt":"2019-12-19T14:10:46","guid":{"rendered":"https:\/\/www.cordobatimes.com\/showup\/?p=72825"},"modified":"2022-02-05T18:05:51","modified_gmt":"2022-02-05T21:05:51","slug":"pampita-hablo-de-la-separacion-de-bienes-con-benjamin-vicuna","status":"publish","type":"post","link":"https:\/\/www.cordobatimes.com\/showup\/famosos\/2019\/12\/19\/pampita-hablo-de-la-separacion-de-bienes-con-benjamin-vicuna\/","title":{"rendered":"Pampita habl\u00f3 de la separaci\u00f3n de bienes con Benjam\u00edn Vicu\u00f1a"},"content":{"rendered":"<h3><strong>La\u00a0 modelo estuvo en pareja casi once a\u00f1os con el actor chileno y padre de sus cuatro hijos.<\/strong><\/h3>\n<p>Carolina Ardohain\u00a0est\u00e1 pasando por un momento dif\u00edcil luego de que\u00a0Viviana Ben\u00edtez\u00a0la denunciara por\u00a0hostigamiento, maltrato psicol\u00f3gico e irregularidades en el pago de su salario. La modelo sali\u00f3 a defenderse de estas graves acusaciones que realiz\u00f3 tanto en la Justicia como en la televisi\u00f3n la ex ni\u00f1era de sus hijos.<\/p>\n<p>\u201c\u00bfPor qu\u00e9 sale a decir estas cosas? \u00bfPor qu\u00e9? Si ella sabe lo que he vivido estos a\u00f1os. Duele que te claven un pu\u00f1al por la espalda con la mentira\u201d,\u00a0dijo\u00a0entre l\u00e1grimas la conductora de\u00a0Pampita online.\u00a0\u201cSoy excelente madre, soy excelente empleadora y me voy a defender con todas las de la ley. La gente dice que \u2018los juicios laborales los ganan los empleados\u2019. \u00a1No me importa si la ley no me da la raz\u00f3n! Yo me voy a defender\u201d, remarc\u00f3.<\/p>\n<div style=\"width: 640px;\" class=\"wp-video\"><video class=\"wp-video-shortcode\" id=\"video-72825-1\" width=\"640\" height=\"360\" preload=\"metadata\" controls=\"controls\"><source type=\"video\/mp4\" src=\"https:\/\/www.cordobatimes.com\/showup\/wp-content\/uploads\/2019\/12\/Pampita-lloro-desconsoladamente-en-vivo-por-la-denuncia-de-su-niner.mp4?_=1\" \/><a href=\"https:\/\/www.cordobatimes.com\/showup\/wp-content\/uploads\/2019\/12\/Pampita-lloro-desconsoladamente-en-vivo-por-la-denuncia-de-su-niner.mp4\">https:\/\/www.cordobatimes.com\/showup\/wp-content\/uploads\/2019\/12\/Pampita-lloro-desconsoladamente-en-vivo-por-la-denuncia-de-su-niner.mp4<\/a><\/video><\/div>\n<p>De esta manera, la jurado del Bailando 2019 se mostr\u00f3 muy decepcionada y dolida por el comportamiento de Viviana, con quien mantuvo m\u00e1s que una relaci\u00f3n laboral ya que la hab\u00eda elegido como una de las damas de honor en su casamiento con el empresario gastron\u00f3mico Roberto Garc\u00eda Morit\u00e1n el 24 de noviembre.<\/p>\n<p>\u201cMe duele que diga que soy mala persona. Para m\u00ed el honor de una persona es muy importante y me manejo as\u00ed desde que tengo uso de raz\u00f3n\u201d, se\u00f1al\u00f3 Ardohain. Luego, agreg\u00f3: \u201cNunca le har\u00eda da\u00f1o a una persona que quiero, no me vas a ver debi\u00e9ndole plata a nadie, no me vas a ver pidi\u00e9ndole plata a nadie\u201d.<\/p>\n<p>Para ejemplificar, la modelo revel\u00f3 por primera vez c\u00f3mo fue la separaci\u00f3n de bienes con Benjam\u00edn Vicu\u00f1a. A fines de 2015, pusieron un punto final en la relaci\u00f3n luego del esc\u00e1ndalo ocurrido en un motorhome, durante la filmaci\u00f3n de la pel\u00edcula El hilo rojo, cuando ella sospechaba que el actor chileno estaba teniendo un romance con su compa\u00f1era de elenco, la China Su\u00e1rez.<\/p>\n<p>\u201cHace a\u00f1os que me separ\u00e9 de mi pareja de casi once a\u00f1os y yo no le ped\u00ed ni un centavo, me fui con mi ropa. A pesar de que me correspond\u00eda y que quiz\u00e1s era para mis hijos. Yo saqu\u00e9 mi ropa y nada m\u00e1s\u201d, explic\u00f3 Pampita. \u201cPara m\u00ed la plata se consigue gan\u00e1ndola uno, en el trabajo que sea. La dignidad que te da que la plata la consigas por tu trabajo y por como corresponde no te la quita nadie\u201d.<\/p>\n<p>Durante los m\u00e1s de diez a\u00f1os en los que estuvieron juntos, Carolina y Benjam\u00edn no se casaron, pero por el cambio en el C\u00f3digo Civil en 2015, ella podr\u00eda haber realizado un reclamo por los bienes gananciales. Pero no lo hizo. Este escenario fue muy diferente a lo ocurrido con su anterior pareja, Mart\u00edn Barrantes, con quien s\u00ed pas\u00f3 por el altar y el matrimonio dur\u00f3 menos de un a\u00f1o.<\/p>\n<p>Con el tiempo se supo que la modelo estaba empezando a conocer a Vicu\u00f1a. Mantuvieron la relaci\u00f3n en secreto, ya que ella no estaba legalmente separada. Luego, sellaron su amor con el nacimiento de su primera hija en com\u00fan, Blanca, en el 2006. En ese momento Barrantes le inici\u00f3 un juicio por adulterio y se lo gan\u00f3. Pero retir\u00f3 la denuncia tras la muerte de la peque\u00f1a.<\/p>\n<p><iframe loading=\"lazy\" src=\"https:\/\/www.youtube.com\/embed\/TR4ic66Ft_w\" width=\"560\" height=\"315\" frameborder=\"0\" allowfullscreen=\"allowfullscreen\"><\/iframe><\/p>\n","protected":false},"excerpt":{"rendered":"<p>La\u00a0 modelo estuvo en pareja casi once a\u00f1os con el actor chileno y padre de sus cuatro hijos. Carolina Ardohain\u00a0est\u00e1 pasando por un momento dif\u00edcil luego de que\u00a0Viviana Ben\u00edtez\u00a0la denunciara por\u00a0hostigamiento, maltrato psicol\u00f3gico e irregularidades en el pago de su salario. La modelo sali\u00f3 a defenderse de estas graves acusaciones que realiz\u00f3 tanto en la [&hellip;]<\/p>\n","protected":false},"author":1,"featured_media":72826,"comment_status":"closed","ping_status":"closed","sticky":false,"template":"","format":"standard","meta":{"_seopress_robots_primary_cat":"","_seopress_titles_title":"","_seopress_titles_desc":"","_seopress_robots_index":"","footnotes":""},"categories":[4],"tags":[27280,27279,25507],"class_list":{"0":"post-72825","1":"post","2":"type-post","3":"status-publish","4":"format-standard","5":"has-post-thumbnail","7":"category-famosos","8":"tag-pampita-benjamin-vicuna","9":"tag-pampita-separacion-de-bienes-con-benjamin-vicuna","10":"tag-pampita-y-benjamin-vicuna"},"_links":{"self":[{"href":"https:\/\/www.cordobatimes.com\/showup\/wp-json\/wp\/v2\/posts\/72825","targetHints":{"allow":["GET"]}}],"collection":[{"href":"https:\/\/www.cordobatimes.com\/showup\/wp-json\/wp\/v2\/posts"}],"about":[{"href":"https:\/\/www.cordobatimes.com\/showup\/wp-json\/wp\/v2\/types\/post"}],"author":[{"embeddable":true,"href":"https:\/\/www.cordobatimes.com\/showup\/wp-json\/wp\/v2\/users\/1"}],"replies":[{"embeddable":true,"href":"https:\/\/www.cordobatimes.com\/showup\/wp-json\/wp\/v2\/comments?post=72825"}],"version-history":[{"count":0,"href":"https:\/\/www.cordobatimes.com\/showup\/wp-json\/wp\/v2\/posts\/72825\/revisions"}],"wp:featuredmedia":[{"embeddable":true,"href":"https:\/\/www.cordobatimes.com\/showup\/wp-json\/wp\/v2\/media\/72826"}],"wp:attachment":[{"href":"https:\/\/www.cordobatimes.com\/showup\/wp-json\/wp\/v2\/media?parent=72825"}],"wp:term":[{"taxonomy":"category","embeddable":true,"href":"https:\/\/www.cordobatimes.com\/showup\/wp-json\/wp\/v2\/categories?post=72825"},{"taxonomy":"post_tag","embeddable":true,"href":"https:\/\/www.cordobatimes.com\/showup\/wp-json\/wp\/v2\/tags?post=72825"}],"curies":[{"name":"wp","href":"https:\/\/api.w.org\/{rel}","templated":true}]}}