{"id":72469,"date":"2019-12-16T10:06:35","date_gmt":"2019-12-16T13:06:35","guid":{"rendered":"https:\/\/www.cordobatimes.com\/showup\/?p=72469"},"modified":"2019-12-16T10:06:35","modified_gmt":"2019-12-16T13:06:35","slug":"john-travolta-y-olivia-newton-john-vuelven-a-vestirse-de-grease-despues-de-41-anos","status":"publish","type":"post","link":"https:\/\/www.cordobatimes.com\/showup\/famosos\/2019\/12\/16\/john-travolta-y-olivia-newton-john-vuelven-a-vestirse-de-grease-despues-de-41-anos\/","title":{"rendered":"John Travolta y Olivia Newton-John vuelven a vestirse de Grease despu\u00e9s de 41 a\u00f1os"},"content":{"rendered":"<h3><strong>Los protagonistas de la m\u00edtica pel\u00edcula volvieron a vestirse de Danny y Sandy.<\/strong><\/h3>\n<p>Olivia Newton-John y John Travolta vuelven a vestirse de \u201cGrease\u201d.<\/p>\n<p>El romance entre Danny Zuko y Sandy en\u00a0Grease\u00a0cautiv\u00f3 al p\u00fablico en el 1978 y catapult\u00f3 a la fama a Travolta y Newton-John. Ahora, despu\u00e9s de 40 a\u00f1os, ambos actores volvieron a ponerse en la piel de sus ic\u00f3nicos personajes.<\/p>\n<p>Los actores, de 71 y 65 a\u00f1os, participaron en un evento musical en el anfiteatro Coral Sky en West Palm Beach, Florida, dedicado a la m\u00edtica pel\u00edcula estrenada en 1978.<\/p>\n<p><iframe loading=\"lazy\" src=\"https:\/\/www.youtube.com\/embed\/7oKPYe53h78\" width=\"560\" height=\"315\" frameborder=\"0\" allowfullscreen=\"allowfullscreen\"><\/iframe><\/p>\n<blockquote class=\"instagram-media\" style=\"background: #FFF; border: 0; border-radius: 3px; box-shadow: 0 0 1px 0 rgba(0,0,0,0.5),0 1px 10px 0 rgba(0,0,0,0.15); margin: 1px; max-width: 540px; min-width: 326px; padding: 0; width: calc(100% - 2px);\" data-instgrm-captioned=\"\" data-instgrm-permalink=\"https:\/\/www.instagram.com\/p\/B6CK-_GnO3w\/?utm_source=ig_embed&amp;utm_campaign=loading\" data-instgrm-version=\"12\">\n<div style=\"padding: 16px;\">\n<p>&nbsp;<\/p>\n<div style=\"display: flex; flex-direction: row; align-items: center;\">\n<div style=\"background-color: #f4f4f4; border-radius: 50%; flex-grow: 0; height: 40px; margin-right: 14px; width: 40px;\"><\/div>\n<div style=\"display: flex; flex-direction: column; flex-grow: 1; justify-content: center;\">\n<div style=\"background-color: #f4f4f4; border-radius: 4px; flex-grow: 0; height: 14px; margin-bottom: 6px; width: 100px;\"><\/div>\n<div style=\"background-color: #f4f4f4; border-radius: 4px; flex-grow: 0; height: 14px; width: 60px;\"><\/div>\n<\/div>\n<\/div>\n<div style=\"padding: 19% 0;\"><\/div>\n<div style=\"display: block; height: 50px; margin: 0 auto 12px; width: 50px;\"><\/div>\n<div style=\"padding-top: 8px;\">\n<div style=\"color: #3897f0; font-family: Arial,sans-serif; font-size: 14px; font-style: normal; font-weight: 550; line-height: 18px;\">Ver esta publicaci\u00f3n en Instagram<\/div>\n<\/div>\n<div style=\"padding: 12.5% 0;\"><\/div>\n<div style=\"display: flex; flex-direction: row; margin-bottom: 14px; align-items: center;\">\n<div>\n<div style=\"background-color: #f4f4f4; border-radius: 50%; height: 12.5px; width: 12.5px; transform: translateX(0px) translateY(7px);\"><\/div>\n<div style=\"background-color: #f4f4f4; height: 12.5px; transform: rotate(-45deg) translateX(3px) translateY(1px); width: 12.5px; flex-grow: 0; margin-right: 14px; margin-left: 2px;\"><\/div>\n<div style=\"background-color: #f4f4f4; border-radius: 50%; height: 12.5px; width: 12.5px; transform: translateX(9px) translateY(-18px);\"><\/div>\n<\/div>\n<div style=\"margin-left: 8px;\">\n<div style=\"background-color: #f4f4f4; border-radius: 50%; flex-grow: 0; height: 20px; width: 20px;\"><\/div>\n<div style=\"width: 0; height: 0; border-top: 2px solid transparent; border-left: 6px solid #f4f4f4; border-bottom: 2px solid transparent; transform: translateX(16px) translateY(-4px) rotate(30deg);\"><\/div>\n<\/div>\n<div style=\"margin-left: auto;\">\n<div style=\"width: 0px; border-top: 8px solid #F4F4F4; border-right: 8px solid transparent; transform: translateY(16px);\"><\/div>\n<div style=\"background-color: #f4f4f4; flex-grow: 0; height: 12px; width: 16px; transform: translateY(-4px);\"><\/div>\n<div style=\"width: 0; height: 0; border-top: 8px solid #F4F4F4; border-left: 8px solid transparent; transform: translateY(-4px) translateX(8px);\"><\/div>\n<\/div>\n<\/div>\n<p>&nbsp;<\/p>\n<p style=\"margin: 8px 0 0 0; padding: 0 4px;\"><a style=\"color: #000; font-family: Arial,sans-serif; font-size: 14px; font-style: normal; font-weight: normal; line-height: 17px; text-decoration: none; word-wrap: break-word;\" href=\"https:\/\/www.instagram.com\/p\/B6CK-_GnO3w\/?utm_source=ig_embed&amp;utm_campaign=loading\" target=\"_blank\" rel=\"noopener noreferrer\">First time in costume since we made the movie ! So excited!!<\/a><\/p>\n<p style=\"color: #c9c8cd; font-family: Arial,sans-serif; font-size: 14px; line-height: 17px; margin-bottom: 0; margin-top: 8px; overflow: hidden; padding: 8px 0 7px; text-align: center; text-overflow: ellipsis; white-space: nowrap;\">Una publicaci\u00f3n compartida de <a style=\"color: #c9c8cd; font-family: Arial,sans-serif; font-size: 14px; font-style: normal; font-weight: normal; line-height: 17px;\" href=\"https:\/\/www.instagram.com\/therealonj\/?utm_source=ig_embed&amp;utm_campaign=loading\" target=\"_blank\" rel=\"noopener noreferrer\"> Olivia Newton-john<\/a> (@therealonj) el <time style=\"font-family: Arial,sans-serif; font-size: 14px; line-height: 17px;\" datetime=\"2019-12-14T01:11:34+00:00\">13 Dic, 2019 a las 5:11 PST<\/time><\/p>\n<\/div>\n<\/blockquote>\n<p><script async src=\"\/\/www.instagram.com\/embed.js\"><\/script><\/p>\n<p>Olivia comparti\u00f3 en su cuenta oficial de Instagram una foto de los dos caracterizados como los protagonistas de la pel\u00edcula, tomados de la mano. \u00abLa primera vez que nos disfrazamos desde que hicimos la pel\u00edcula. \u00a1Qu\u00e9 emoci\u00f3n!\u00bb, escribi\u00f3 la actriz australiana acompa\u00f1ando el posteo.<\/p>\n<p>En la fotograf\u00eda podemos ver a Newton-John con la pollera y chaqueta amarilla que luc\u00eda su personaje, mientras que Travolta acudi\u00f3 vestido de negro, y con campera de cuero.<\/p>\n<p><img alt=\"\" loading=\"lazy\" decoding=\"async\" class=\"alignnone size-medium wp-image-72471\" src=\"https:\/\/www.cordobatimes.com\/showup\/wp-content\/uploads\/2019\/12\/Nombre-9-750x413.jpg\" alt=\"\" width=\"750\" height=\"413\" srcset=\"https:\/\/www.cordobatimes.com\/showup\/wp-content\/uploads\/2019\/12\/Nombre-9-750x413.jpg 750w, https:\/\/www.cordobatimes.com\/showup\/wp-content\/uploads\/2019\/12\/Nombre-9-760x418.jpg 760w, https:\/\/www.cordobatimes.com\/showup\/wp-content\/uploads\/2019\/12\/Nombre-9-768x423.jpg 768w, https:\/\/www.cordobatimes.com\/showup\/wp-content\/uploads\/2019\/12\/Nombre-9-696x383.jpg 696w, https:\/\/www.cordobatimes.com\/showup\/wp-content\/uploads\/2019\/12\/Nombre-9-763x420.jpg 763w, https:\/\/www.cordobatimes.com\/showup\/wp-content\/uploads\/2019\/12\/Nombre-9.jpg 1019w\" sizes=\"auto, (max-width: 750px) 100vw, 750px\" \/><\/p>\n<p>Olivia contin\u00faa en su lucha contra el c\u00e1ncer de mama (esta es la tercera vez) y recaudando fondos para el centro de investigaciones contra el c\u00e1ncer que lleva su nombre.<\/p>\n<p>El mes pasado, subast\u00f3 la campera de cuero que us\u00f3 en Grease por 218.000 euros. Lo que no imagin\u00f3 fue que el comprador an\u00f3nimo se la devolver\u00eda poco despu\u00e9s en una caja de color rosa. La casa de subastas mostr\u00f3 hace unos d\u00edas en Facebook el momento en el que la actriz abr\u00eda la caja.<\/p>\n<p><iframe loading=\"lazy\" style=\"border: none; overflow: hidden;\" src=\"https:\/\/www.facebook.com\/plugins\/video.php?href=https%3A%2F%2Fwww.facebook.com%2FJuliensAuctions%2Fvideos%2F810667592737412%2F&amp;show_text=0&amp;width=560\" width=\"560\" height=\"308\" frameborder=\"0\" scrolling=\"no\" allowfullscreen=\"allowfullscreen\"><\/iframe><\/p>\n","protected":false},"excerpt":{"rendered":"<p>Los protagonistas de la m\u00edtica pel\u00edcula volvieron a vestirse de Danny y Sandy. Olivia Newton-John y John Travolta vuelven a vestirse de \u201cGrease\u201d. El romance entre Danny Zuko y Sandy en\u00a0Grease\u00a0cautiv\u00f3 al p\u00fablico en el 1978 y catapult\u00f3 a la fama a Travolta y Newton-John. Ahora, despu\u00e9s de 40 a\u00f1os, ambos actores volvieron a ponerse [&hellip;]<\/p>\n","protected":false},"author":1,"featured_media":72470,"comment_status":"closed","ping_status":"closed","sticky":false,"template":"","format":"standard","meta":{"_seopress_robots_primary_cat":"","_seopress_titles_title":"","_seopress_titles_desc":"","_seopress_robots_index":"","footnotes":""},"categories":[4],"tags":[27120,27118,27119],"class_list":{"0":"post-72469","1":"post","2":"type-post","3":"status-publish","4":"format-standard","5":"has-post-thumbnail","7":"category-famosos","8":"tag-danny-zuko-y-sandy-en-grease","9":"tag-john-travolta-y-olivia-newton-john","10":"tag-john-travolta-y-olivia-newton-john-grease"},"_links":{"self":[{"href":"https:\/\/www.cordobatimes.com\/showup\/wp-json\/wp\/v2\/posts\/72469","targetHints":{"allow":["GET"]}}],"collection":[{"href":"https:\/\/www.cordobatimes.com\/showup\/wp-json\/wp\/v2\/posts"}],"about":[{"href":"https:\/\/www.cordobatimes.com\/showup\/wp-json\/wp\/v2\/types\/post"}],"author":[{"embeddable":true,"href":"https:\/\/www.cordobatimes.com\/showup\/wp-json\/wp\/v2\/users\/1"}],"replies":[{"embeddable":true,"href":"https:\/\/www.cordobatimes.com\/showup\/wp-json\/wp\/v2\/comments?post=72469"}],"version-history":[{"count":0,"href":"https:\/\/www.cordobatimes.com\/showup\/wp-json\/wp\/v2\/posts\/72469\/revisions"}],"wp:featuredmedia":[{"embeddable":true,"href":"https:\/\/www.cordobatimes.com\/showup\/wp-json\/wp\/v2\/media\/72470"}],"wp:attachment":[{"href":"https:\/\/www.cordobatimes.com\/showup\/wp-json\/wp\/v2\/media?parent=72469"}],"wp:term":[{"taxonomy":"category","embeddable":true,"href":"https:\/\/www.cordobatimes.com\/showup\/wp-json\/wp\/v2\/categories?post=72469"},{"taxonomy":"post_tag","embeddable":true,"href":"https:\/\/www.cordobatimes.com\/showup\/wp-json\/wp\/v2\/tags?post=72469"}],"curies":[{"name":"wp","href":"https:\/\/api.w.org\/{rel}","templated":true}]}}