{"id":72241,"date":"2019-12-13T11:11:11","date_gmt":"2019-12-13T14:11:11","guid":{"rendered":"https:\/\/www.cordobatimes.com\/showup\/?p=72241"},"modified":"2022-10-31T22:14:03","modified_gmt":"2022-11-01T01:14:03","slug":"flor-vigna-y-facu-mazzei-finalistas-del-bailando","status":"publish","type":"post","link":"https:\/\/www.cordobatimes.com\/showup\/tv\/2019\/12\/13\/flor-vigna-y-facu-mazzei-finalistas-del-bailando\/","title":{"rendered":"Flor Vigna y Facu Mazzei, finalistas del Bailando"},"content":{"rendered":"<h3><strong>La pareja fue elegida por el voto del p\u00fablico y qued\u00f3 a un paso de consagrarse en el campeonato.<\/strong><\/h3>\n<p>En una re\u00f1ida definici\u00f3n, con gran nivel de baile, a pura emoci\u00f3n y dos parejas que se sacaron chispas en la pista,\u00a0Flor Vigna\u00a0con\u00a0Facu Mazzei\u00a0se impusieron en la primera semifinal del\u00a0S\u00faper Bailando\u00a0dejando atr\u00e1s a\u00a0Lourdes S\u00e1nchez\u00a0y\u00a0Fede Bal.<\/p>\n<p>La bicampeona se llev\u00f3 57.73% de los votos de la gente y el tambi\u00e9n campe\u00f3n con la panelista de\u00a0LAM\u00a0se quedaron con 42.27%, despu\u00e9s de empatar en el voto del jurado.<\/p>\n<p>\u00abQuiero agradecer porque en el peor a\u00f1o de mi vida me hiciste vivir el mejor\u00bb, fueron las palabras con las que Lourdes agradeci\u00f3 su paso por el certamen. \u00abMe voy con el coraz\u00f3n inflado de amor por todo el mundo\u00bb, dijo por su parte Fede, abrazados junto a su compa\u00f1era y su coach\u00a0Nahuel Leguizam\u00f3n.<\/p>\n<p><iframe loading=\"lazy\" src=\"https:\/\/www.youtube.com\/embed\/ZWrtENp8WCo\" width=\"560\" height=\"315\" frameborder=\"0\" allowfullscreen=\"allowfullscreen\"><\/iframe><\/p>\n","protected":false},"excerpt":{"rendered":"<p>La pareja fue elegida por el voto del p\u00fablico y qued\u00f3 a un paso de consagrarse en el campeonato. En una re\u00f1ida definici\u00f3n, con gran nivel de baile, a pura emoci\u00f3n y dos parejas que se sacaron chispas en la pista,\u00a0Flor Vigna\u00a0con\u00a0Facu Mazzei\u00a0se impusieron en la primera semifinal del\u00a0S\u00faper Bailando\u00a0dejando atr\u00e1s a\u00a0Lourdes S\u00e1nchez\u00a0y\u00a0Fede Bal. La [&hellip;]<\/p>\n","protected":false},"author":1,"featured_media":72242,"comment_status":"closed","ping_status":"closed","sticky":false,"template":"","format":"standard","meta":{"_seopress_robots_primary_cat":"","_seopress_titles_title":"","_seopress_titles_desc":"","_seopress_robots_index":"","footnotes":""},"categories":[477,2],"tags":[24603,27032],"class_list":{"0":"post-72241","1":"post","2":"type-post","3":"status-publish","4":"format-standard","5":"has-post-thumbnail","7":"category-showmatch","8":"category-tv","9":"tag-flor-vigna-y-facu-mazzei","10":"tag-lourdes-sanchez-y-fede-bal"},"_links":{"self":[{"href":"https:\/\/www.cordobatimes.com\/showup\/wp-json\/wp\/v2\/posts\/72241","targetHints":{"allow":["GET"]}}],"collection":[{"href":"https:\/\/www.cordobatimes.com\/showup\/wp-json\/wp\/v2\/posts"}],"about":[{"href":"https:\/\/www.cordobatimes.com\/showup\/wp-json\/wp\/v2\/types\/post"}],"author":[{"embeddable":true,"href":"https:\/\/www.cordobatimes.com\/showup\/wp-json\/wp\/v2\/users\/1"}],"replies":[{"embeddable":true,"href":"https:\/\/www.cordobatimes.com\/showup\/wp-json\/wp\/v2\/comments?post=72241"}],"version-history":[{"count":0,"href":"https:\/\/www.cordobatimes.com\/showup\/wp-json\/wp\/v2\/posts\/72241\/revisions"}],"wp:featuredmedia":[{"embeddable":true,"href":"https:\/\/www.cordobatimes.com\/showup\/wp-json\/wp\/v2\/media\/72242"}],"wp:attachment":[{"href":"https:\/\/www.cordobatimes.com\/showup\/wp-json\/wp\/v2\/media?parent=72241"}],"wp:term":[{"taxonomy":"category","embeddable":true,"href":"https:\/\/www.cordobatimes.com\/showup\/wp-json\/wp\/v2\/categories?post=72241"},{"taxonomy":"post_tag","embeddable":true,"href":"https:\/\/www.cordobatimes.com\/showup\/wp-json\/wp\/v2\/tags?post=72241"}],"curies":[{"name":"wp","href":"https:\/\/api.w.org\/{rel}","templated":true}]}}