{"id":7219,"date":"2013-12-30T20:21:56","date_gmt":"2013-12-30T23:21:56","guid":{"rendered":"http:\/\/cordobatimes.com\/showup\/?p=7219"},"modified":"2019-10-21T19:09:21","modified_gmt":"2019-10-21T22:09:21","slug":"lady-gaga-y-christina-aguilera-lanzaran-una-version-estudio-de-do-what-you-want-video","status":"publish","type":"post","link":"https:\/\/www.cordobatimes.com\/showup\/musica\/2013\/12\/30\/lady-gaga-y-christina-aguilera-lanzaran-una-version-estudio-de-do-what-you-want-video\/","title":{"rendered":"Lady Gaga y Christina Aguilera lanzar\u00e1n una versi\u00f3n estudio de &#8216;Do what you want&#8217; (v\u00eddeo)"},"content":{"rendered":"<h3 style=\"text-align: justify;\"><strong>Las artistas no confirmaron nada, pero fuentes cercanas a las productoras de ambas, estar\u00edan considerando de acuerdo a la gran aceptaci\u00f3n del p\u00fablico cuando se presentaron d\u00edas atr\u00e1s en el programa La Voz.<\/strong><\/h3>\n<p style=\"text-align: justify;\">Tras la gran aceptaci\u00f3n que demostr\u00f3 el p\u00fablico hace unos d\u00edas en la final de la versi\u00f3n estadounidense de &#8216;La Voz&#8217;, en donde Lady Gaga realiz\u00f3 una presentaci\u00f3n sumamente especial\u00a0cantando con Christina Aguilera el tema &#8216;Do what you want&#8217;, se dice que las cantantes podr\u00edan lanzar la canci\u00f3n en versi\u00f3n estudio, de acuerdo a lo declarado por DJ White Shadow.<\/p>\n<p style=\"text-align: justify;\">Para muchos de los fans\u00a0de las int\u00e9rpretes internacionales, esta uni\u00f3n ser\u00eda explosiva, ya que consideran tienen lo necesario para apuntar otro gran \u00e9xito en las listas de popularidad.<\/p>\n<p style=\"text-align: justify;\">A esto se suma que desean verlas juntas en un videoclip, como lo hicieron en su presentaci\u00f3n televisiva, en la que aparecen vestidas de color dorado y tomando copas de champ\u00e1n.<\/p>\n<div class=\"youtube-embed\" data-video_id=\"5G7XhiJlnFs\"><iframe loading=\"lazy\" title=\"Lady Gaga - Do What You Want ft. Christina Aguilera Live The Voice USA Finale 2013\" width=\"696\" height=\"392\" src=\"https:\/\/www.youtube.com\/embed\/5G7XhiJlnFs?feature=oembed&#038;enablejsapi=1\" frameborder=\"0\" allow=\"accelerometer; autoplay; encrypted-media; gyroscope; picture-in-picture\" allowfullscreen><\/iframe><\/div>\n","protected":false},"excerpt":{"rendered":"<p>Las artistas no confirmaron nada, pero fuentes cercanas a las productoras de ambas, estar\u00edan considerando de acuerdo a la gran aceptaci\u00f3n del p\u00fablico cuando se presentaron d\u00edas atr\u00e1s en el programa La Voz. Tras la gran aceptaci\u00f3n que demostr\u00f3 el p\u00fablico hace unos d\u00edas en la final de la versi\u00f3n estadounidense de &#8216;La Voz&#8217;, en [&hellip;]<\/p>\n","protected":false},"author":1,"featured_media":7225,"comment_status":"closed","ping_status":"closed","sticky":false,"template":"","format":"standard","meta":{"_seopress_robots_primary_cat":"","_seopress_titles_title":"","_seopress_titles_desc":"","_seopress_robots_index":"","footnotes":""},"categories":[5],"tags":[24682,24681,24758],"class_list":{"0":"post-7219","1":"post","2":"type-post","3":"status-publish","4":"format-standard","5":"has-post-thumbnail","7":"category-musica","8":"tag-do-what-you-want","9":"tag-lady-gaga-y-christina-aguilera","10":"tag-lady-gaga-y-christina-aguilera-do-what-you-want"},"_links":{"self":[{"href":"https:\/\/www.cordobatimes.com\/showup\/wp-json\/wp\/v2\/posts\/7219","targetHints":{"allow":["GET"]}}],"collection":[{"href":"https:\/\/www.cordobatimes.com\/showup\/wp-json\/wp\/v2\/posts"}],"about":[{"href":"https:\/\/www.cordobatimes.com\/showup\/wp-json\/wp\/v2\/types\/post"}],"author":[{"embeddable":true,"href":"https:\/\/www.cordobatimes.com\/showup\/wp-json\/wp\/v2\/users\/1"}],"replies":[{"embeddable":true,"href":"https:\/\/www.cordobatimes.com\/showup\/wp-json\/wp\/v2\/comments?post=7219"}],"version-history":[{"count":0,"href":"https:\/\/www.cordobatimes.com\/showup\/wp-json\/wp\/v2\/posts\/7219\/revisions"}],"wp:featuredmedia":[{"embeddable":true,"href":"https:\/\/www.cordobatimes.com\/showup\/wp-json\/wp\/v2\/media\/7225"}],"wp:attachment":[{"href":"https:\/\/www.cordobatimes.com\/showup\/wp-json\/wp\/v2\/media?parent=7219"}],"wp:term":[{"taxonomy":"category","embeddable":true,"href":"https:\/\/www.cordobatimes.com\/showup\/wp-json\/wp\/v2\/categories?post=7219"},{"taxonomy":"post_tag","embeddable":true,"href":"https:\/\/www.cordobatimes.com\/showup\/wp-json\/wp\/v2\/tags?post=7219"}],"curies":[{"name":"wp","href":"https:\/\/api.w.org\/{rel}","templated":true}]}}